{"id":4972,"date":"2015-06-05T00:08:31","date_gmt":"2015-06-04T23:08:31","guid":{"rendered":"http:\/\/www.bratislavadesignweek.sk\/?p=4972"},"modified":"2024-09-25T12:13:38","modified_gmt":"2024-09-25T10:13:38","slug":"zuzana-zmatekova","status":"publish","type":"post","link":"https:\/\/www.bratislavadesignweek.sk\/en\/zuzana-zmatekova\/","title":{"rendered":"Digit\u00e1lna estetika"},"content":{"rendered":"<p>[vc_column_text pb_margin_bottom=&#8220;no&#8220; pb_border_bottom=&#8220;no&#8220; width=&#8220;1\/2&#8243; el_position=&#8220;first&#8220;]<\/p>\n<p class=\"impact-text\">Zuzana Zmatekov\u00e1:<br \/>\nDigit\u00e1lna estetika<\/p>\n<p>&nbsp;<\/p>\n<p>Projekt digit\u00e1lna estetika vznikol v r\u00e1mci spolupr\u00e1ce medzi textilnou dizajn\u00e9rkou Zuzanou Zmatekovou a program\u00e1torom Matejom Fandlom. Autori vytvorili program, generuj\u00faci digit\u00e1lne textiln\u00e9 n\u00e1vrhy. Tie s\u00fa n\u00e1sledne premietan\u00e9 na pl\u00e1tno, ktor\u00e9 interakt\u00edvne reaguje na dotyk n\u00e1v\u0161tevn\u00edka. Ten pohybom ruky po pl\u00e1tne dok\u00e1\u017ee meni\u0165 vzh\u013ead, kompoz\u00edciu, farbu a v\u00e4zbu obrazu a m\u00f4\u017ee tak vytv\u00e1ra\u0165 textiln\u00fd n\u00e1vrh pod\u013ea vlastn\u00fdch preferenci\u00ed. Cie\u013eom projektu je odstr\u00e1ni\u0165 bari\u00e9ru medzi spotrebite\u013eom a dizajn\u00e9rom a pribl\u00ed\u017ei\u0165 tak proces dizajn\u00e9rskej tvorby laickej verejnosti.<\/p>\n<p>[\/vc_column_text] [vc_column_text pb_margin_bottom=&#8220;no&#8220; pb_border_bottom=&#8220;no&#8220; width=&#8220;1\/2&#8243; el_position=&#8220;last&#8220;]<\/p>\n<p><a href=\"http:\/\/www.bratislavadesignweek.sk\/wp-content\/uploads\/2015\/06\/MG_2734.jpg\"><img fetchpriority=\"high\" decoding=\"async\" class=\"alignnone size-full wp-image-4973\" src=\"http:\/\/www.bratislavadesignweek.sk\/wp-content\/uploads\/2015\/06\/MG_2734.jpg\" alt=\"_MG_2734\" width=\"1000\" height=\"667\" srcset=\"https:\/\/www.bratislavadesignweek.sk\/wp-content\/uploads\/2015\/06\/MG_2734.jpg 1000w, https:\/\/www.bratislavadesignweek.sk\/wp-content\/uploads\/2015\/06\/MG_2734-300x200.jpg 300w\" sizes=\"(max-width: 1000px) 100vw, 1000px\" \/><\/a><\/p>\n<p>&nbsp;<\/p>\n<p>[\/vc_column_text]<\/p>","protected":false},"excerpt":{"rendered":"<p>[vc_column_text pb_margin_bottom=&#8220;no&#8220; pb_border_bottom=&#8220;no&#8220; width=&#8220;1\/2&#8243; el_position=&#8220;first&#8220;] Zuzana Zmatekov\u00e1: Digit\u00e1lna estetika &nbsp; Projekt digit\u00e1lna estetika vznikol v r\u00e1mci spolupr\u00e1ce medzi textilnou dizajn\u00e9rkou Zuzanou Zmatekovou a program\u00e1torom Matejom Fandlom. Autori vytvorili program, generuj\u00faci digit\u00e1lne textiln\u00e9 n\u00e1vrhy. Tie s\u00fa n\u00e1sledne premietan\u00e9 na pl\u00e1tno, ktor\u00e9 interakt\u00edvne reaguje na dotyk n\u00e1v\u0161tevn\u00edka. Ten pohybom ruky po pl\u00e1tne dok\u00e1\u017ee meni\u0165 vzh\u013ead, kompoz\u00edciu, farbu [&hellip;]<\/p>","protected":false},"author":5,"featured_media":0,"comment_status":"closed","ping_status":"closed","sticky":false,"template":"","format":"standard","meta":{"footnotes":""},"categories":[627,476],"tags":[601,626,599],"_links":{"self":[{"href":"https:\/\/www.bratislavadesignweek.sk\/en\/wp-json\/wp\/v2\/posts\/4972"}],"collection":[{"href":"https:\/\/www.bratislavadesignweek.sk\/en\/wp-json\/wp\/v2\/posts"}],"about":[{"href":"https:\/\/www.bratislavadesignweek.sk\/en\/wp-json\/wp\/v2\/types\/post"}],"author":[{"embeddable":true,"href":"https:\/\/www.bratislavadesignweek.sk\/en\/wp-json\/wp\/v2\/users\/5"}],"replies":[{"embeddable":true,"href":"https:\/\/www.bratislavadesignweek.sk\/en\/wp-json\/wp\/v2\/comments?post=4972"}],"version-history":[{"count":3,"href":"https:\/\/www.bratislavadesignweek.sk\/en\/wp-json\/wp\/v2\/posts\/4972\/revisions"}],"predecessor-version":[{"id":4980,"href":"https:\/\/www.bratislavadesignweek.sk\/en\/wp-json\/wp\/v2\/posts\/4972\/revisions\/4980"}],"wp:attachment":[{"href":"https:\/\/www.bratislavadesignweek.sk\/en\/wp-json\/wp\/v2\/media?parent=4972"}],"wp:term":[{"taxonomy":"category","embeddable":true,"href":"https:\/\/www.bratislavadesignweek.sk\/en\/wp-json\/wp\/v2\/categories?post=4972"},{"taxonomy":"post_tag","embeddable":true,"href":"https:\/\/www.bratislavadesignweek.sk\/en\/wp-json\/wp\/v2\/tags?post=4972"}],"curies":[{"name":"wp","href":"https:\/\/api.w.org\/{rel}","templated":true}]}}