{"id":5006,"date":"2015-06-06T17:41:26","date_gmt":"2015-06-06T16:41:26","guid":{"rendered":"http:\/\/www.bratislavadesignweek.sk\/?p=5006"},"modified":"2024-09-25T12:13:38","modified_gmt":"2024-09-25T10:13:38","slug":"he-rescue-of-governmental-lounge-at-the-airport-m-r-stefanik-in-bratislava","status":"publish","type":"post","link":"https:\/\/www.bratislavadesignweek.sk\/en\/he-rescue-of-governmental-lounge-at-the-airport-m-r-stefanik-in-bratislava\/","title":{"rendered":"he Rescue of Governmental lounge at the airport\u00a0M. R. \u0160tef\u00e1nik in Bratislava"},"content":{"rendered":"<p>[vc_column_text pb_margin_bottom=&#8220;no&#8220; pb_border_bottom=&#8220;no&#8220; width=&#8220;1\/2&#8243; el_position=&#8220;first&#8220;]<\/p>\n<p class=\"impact-text\">The Rescue of Governmental lounge at the airport M. R. \u0160tef\u00e1nik in Bratislava<\/p>\n<p>&nbsp;<\/p>\n<p>The installation and the virtual tour guide of Governmental lounge fragment designed by V. Vilhan at the airport M. R. \u0160tef\u00e1nik in Bratislava. This unique modernist interior made in high-tech style has been saved by experts from the Slovak Design Museum and the Slovak Design Centre in collaboration with other public institutions and individuals. Cooperation with: Livia Pem\u010d\u00e1kov\u00e1.<\/p>\n<p>&nbsp;<\/p>\n<p>[\/vc_column_text] [vc_column_text pb_margin_bottom=&#8220;no&#8220; pb_border_bottom=&#8220;no&#8220; width=&#8220;1\/2&#8243; el_position=&#8220;last&#8220;]<\/p>\n<p><a href=\"http:\/\/www.bratislavadesignweek.sk\/wp-content\/uploads\/2015\/06\/00_cover_foto_Pohlad_do_centralnej_casti_salonika.-FOTO-\u00a9-L\u00edvia-Pem\u010d\u00e1kov\u00e1.jpeg\"><img fetchpriority=\"high\" decoding=\"async\" class=\"alignnone size-large wp-image-5002\" src=\"http:\/\/www.bratislavadesignweek.sk\/wp-content\/uploads\/2015\/06\/00_cover_foto_Pohlad_do_centralnej_casti_salonika.-FOTO-\u00a9-L\u00edvia-Pem\u010d\u00e1kov\u00e1-1024x553.jpeg\" alt=\"00_cover_foto_Pohlad_do_centralnej_casti_salonika. FOTO \u00a9 L\u00edvia Pem\u010d\u00e1kov\u00e1\" width=\"1024\" height=\"553\" srcset=\"https:\/\/www.bratislavadesignweek.sk\/wp-content\/uploads\/2015\/06\/00_cover_foto_Pohlad_do_centralnej_casti_salonika.-FOTO-\u00a9-L\u00edvia-Pem\u010d\u00e1kov\u00e1-1024x553.jpeg 1024w, https:\/\/www.bratislavadesignweek.sk\/wp-content\/uploads\/2015\/06\/00_cover_foto_Pohlad_do_centralnej_casti_salonika.-FOTO-\u00a9-L\u00edvia-Pem\u010d\u00e1kov\u00e1-300x162.jpeg 300w, https:\/\/www.bratislavadesignweek.sk\/wp-content\/uploads\/2015\/06\/00_cover_foto_Pohlad_do_centralnej_casti_salonika.-FOTO-\u00a9-L\u00edvia-Pem\u010d\u00e1kov\u00e1.jpeg 1280w\" sizes=\"(max-width: 1024px) 100vw, 1024px\" \/><\/a><\/p>\n<p>The headquarters of Gorvnmental lounge. FOTO \u00a9 L\u00edvia Pem\u010d\u00e1kov\u00e1, 2014<\/p>\n<p><a href=\"http:\/\/www.bratislavadesignweek.sk\/wp-content\/uploads\/2015\/06\/01_Plastic-People.jpeg\"><img decoding=\"async\" class=\"alignnone size-full wp-image-5004\" src=\"http:\/\/www.bratislavadesignweek.sk\/wp-content\/uploads\/2015\/06\/01_Plastic-People.jpeg\" alt=\"01_Plastic People\" width=\"1000\" height=\"667\" srcset=\"https:\/\/www.bratislavadesignweek.sk\/wp-content\/uploads\/2015\/06\/01_Plastic-People.jpeg 1000w, https:\/\/www.bratislavadesignweek.sk\/wp-content\/uploads\/2015\/06\/01_Plastic-People-300x200.jpeg 300w\" sizes=\"(max-width: 1000px) 100vw, 1000px\" \/><\/a><\/p>\n<p>Plastic People, Part 2. FOTO \u00a9 M\u00e1ria \u0160varbov\u00e1, 2014<\/p>\n<p>&nbsp;<\/p>\n<p>[\/vc_column_text]<\/p>","protected":false},"excerpt":{"rendered":"<p>[vc_column_text pb_margin_bottom=&#8220;no&#8220; pb_border_bottom=&#8220;no&#8220; width=&#8220;1\/2&#8243; el_position=&#8220;first&#8220;] The Rescue of Governmental lounge at the airport M. R. \u0160tef\u00e1nik in Bratislava &nbsp; The installation and the virtual tour guide of Governmental lounge fragment designed by V. Vilhan at the airport M. R. \u0160tef\u00e1nik in Bratislava. This unique modernist interior made in high-tech style has been saved by experts [&hellip;]<\/p>","protected":false},"author":5,"featured_media":0,"comment_status":"closed","ping_status":"closed","sticky":false,"template":"","format":"standard","meta":{"footnotes":""},"categories":[627,477],"tags":[605],"_links":{"self":[{"href":"https:\/\/www.bratislavadesignweek.sk\/en\/wp-json\/wp\/v2\/posts\/5006"}],"collection":[{"href":"https:\/\/www.bratislavadesignweek.sk\/en\/wp-json\/wp\/v2\/posts"}],"about":[{"href":"https:\/\/www.bratislavadesignweek.sk\/en\/wp-json\/wp\/v2\/types\/post"}],"author":[{"embeddable":true,"href":"https:\/\/www.bratislavadesignweek.sk\/en\/wp-json\/wp\/v2\/users\/5"}],"replies":[{"embeddable":true,"href":"https:\/\/www.bratislavadesignweek.sk\/en\/wp-json\/wp\/v2\/comments?post=5006"}],"version-history":[{"count":1,"href":"https:\/\/www.bratislavadesignweek.sk\/en\/wp-json\/wp\/v2\/posts\/5006\/revisions"}],"predecessor-version":[{"id":5007,"href":"https:\/\/www.bratislavadesignweek.sk\/en\/wp-json\/wp\/v2\/posts\/5006\/revisions\/5007"}],"wp:attachment":[{"href":"https:\/\/www.bratislavadesignweek.sk\/en\/wp-json\/wp\/v2\/media?parent=5006"}],"wp:term":[{"taxonomy":"category","embeddable":true,"href":"https:\/\/www.bratislavadesignweek.sk\/en\/wp-json\/wp\/v2\/categories?post=5006"},{"taxonomy":"post_tag","embeddable":true,"href":"https:\/\/www.bratislavadesignweek.sk\/en\/wp-json\/wp\/v2\/tags?post=5006"}],"curies":[{"name":"wp","href":"https:\/\/api.w.org\/{rel}","templated":true}]}}