{"id":5049,"date":"2015-06-08T09:10:52","date_gmt":"2015-06-08T08:10:52","guid":{"rendered":"http:\/\/www.bratislavadesignweek.sk\/?p=5049"},"modified":"2024-09-25T12:13:38","modified_gmt":"2024-09-25T10:13:38","slug":"bauhaus-party-a-design-week-awards","status":"publish","type":"post","link":"https:\/\/www.bratislavadesignweek.sk\/en\/bauhaus-party-a-design-week-awards\/","title":{"rendered":"Bauhaus-Party a Design Week Awards"},"content":{"rendered":"<p>[vc_column_text pb_margin_bottom=&#8220;no&#8220; pb_border_bottom=&#8220;no&#8220; width=&#8220;1\/2&#8243; el_position=&#8220;first&#8220;]<\/p>\n<p class=\"impact-text\">Bauhaus-Party a Design Week Awards<\/p>\n<p>&nbsp;<\/p>\n<p>Na Bratislava Design Week bude jedine\u010dn\u00e1 mo\u017enos\u0165 za\u017ei\u0165 premi\u00e9ru predstavenia, ktor\u00e9 vych\u00e1dza z unik\u00e1tnej \u0161koly sc\u00e9nick\u00e9ho umenia, ktor\u00fa zadefinoval sl\u00e1vny BAUHAUS pod veden\u00edm Oscara Schlemmera.<\/p>\n<p>Predstavenie navy\u0161e vznikne na Slovensku ako v\u00fdsledok workshopu pod veden\u00edm lektorov \u2013 kur\u00e1tora Bauhaus Dessau Torstena Blumeho a v\u00fdtvarn\u00ed\u010dky Lindy Pense. \u00da\u010dastn\u00edci si pod ich veden\u00edm vyrobili\u00a0 papierov\u00e9 kost\u00fdmy, rekvizity a spolu s majstrom zvuku si pripravia jedine\u010dn\u00fa choreografiu,\u00a0 ktor\u00fa predstavia 13. 6. 2015 o 19.00 na Bauhaus-Party v Slovenskom m\u00fazeu dizajnu v r\u00e1mci Bratislava Design Week. V\u00fdsledkom workshopu nebude klasick\u00e9 divadeln\u00e9 predstavenie s hercami a publikom, ale ma\u0161karn\u00fd ples, na ktorom sa ka\u017ed\u00fd \u00fa\u010dastn\u00edk zmen\u00ed na tancuj\u00facu figur\u00ednu.<\/p>\n<p>Na predn\u00e1\u0161ke 11. 6. 2015 o 18.00 v Goetheho in\u0161tit\u00fate predstav\u00ed Torsten Blume ideu projektu.<\/p>\n<p>Ve\u010der 13. j\u00fana 2015 bude venovan\u00fd aj odovzd\u00e1vaniu\u00a0<b>Design Week Awards<\/b>, ktor\u00e9 z\u00edskaj\u00fa najzauj\u00edmavej\u0161ie projekty festivalu Bratislava Design Week.<\/p>\n<p><b>Predn\u00e1\u0161ka\u00a0<\/b><br \/>\nGoetheho in\u0161tit\u00fat Bratislava, Panensk\u00e1 33<br \/>\n11. 6. 2015, 18.00<\/p>\n<p><b>Party\u00a0<\/b><br \/>\nSlovensk\u00e9 m\u00fazeum dizajnu Bratislava, Kol\u00e1rovo n\u00e1m. 10<a href=\"http:\/\/www.sdc.sk\/?slovenske-muzeum-dizajnu\"><br \/>\n<\/a>13. 6. 2015, 19.00<\/p>\n<p><strong>Organiz\u00e1tori:<\/strong><\/p>\n<p>Slovensk\u00e9 m\u00fazeum dizajnu, Goetheho in\u0161tit\u00fat v Bratislave, Bratislava Design Week, Stiftung Bauhaus Dessau<\/p>\n<p>&nbsp;<\/p>\n<p>[button colour=\"grey\" type=\"0\u2033 size=\"small\" link=\"http:\/\/www.sdc.sk\/?muzeum-dizajnu-aktualne&amp;sprava=bauhaus-party-a-slavnostne-odovzdavanie-oceneni-bratislava-design-week\" target=\"_self\"]www.sdc.sk[\/button]<\/p>\n<p>[\/vc_column_text] [vc_column_text pb_margin_bottom=&#8220;no&#8220; pb_border_bottom=&#8220;no&#8220; width=&#8220;1\/2&#8243; el_position=&#8220;last&#8220;]<\/p>\n<p><a href=\"http:\/\/www.bratislavadesignweek.sk\/wp-content\/uploads\/2015\/04\/4671185449_92a0caa5f2up.jpg\"><img fetchpriority=\"high\" decoding=\"async\" class=\"alignnone size-large wp-image-4126\" src=\"http:\/\/www.bratislavadesignweek.sk\/wp-content\/uploads\/2015\/04\/4671185449_92a0caa5f2up-740x1024.jpg\" alt=\"4671185449_92a0caa5f2up\" width=\"740\" height=\"1024\" srcset=\"https:\/\/www.bratislavadesignweek.sk\/wp-content\/uploads\/2015\/04\/4671185449_92a0caa5f2up-740x1024.jpg 740w, https:\/\/www.bratislavadesignweek.sk\/wp-content\/uploads\/2015\/04\/4671185449_92a0caa5f2up-217x300.jpg 217w, https:\/\/www.bratislavadesignweek.sk\/wp-content\/uploads\/2015\/04\/4671185449_92a0caa5f2up.jpg 800w\" sizes=\"(max-width: 740px) 100vw, 740px\" \/><\/a><\/p>\n<p><a href=\"http:\/\/www.bratislavadesignweek.sk\/wp-content\/uploads\/2015\/04\/triadic-ballet-2up.jpg\"><img decoding=\"async\" class=\"alignnone size-full wp-image-4127\" src=\"http:\/\/www.bratislavadesignweek.sk\/wp-content\/uploads\/2015\/04\/triadic-ballet-2up.jpg\" alt=\"triadic-ballet-2up\" width=\"900\" height=\"579\" srcset=\"https:\/\/www.bratislavadesignweek.sk\/wp-content\/uploads\/2015\/04\/triadic-ballet-2up.jpg 900w, https:\/\/www.bratislavadesignweek.sk\/wp-content\/uploads\/2015\/04\/triadic-ballet-2up-300x193.jpg 300w\" sizes=\"(max-width: 900px) 100vw, 900px\" \/><\/a><\/p>\n<p>&nbsp;<\/p>\n<p>[\/vc_column_text]<\/p>","protected":false},"excerpt":{"rendered":"<p>[vc_column_text pb_margin_bottom=&#8220;no&#8220; pb_border_bottom=&#8220;no&#8220; width=&#8220;1\/2&#8243; el_position=&#8220;first&#8220;] Bauhaus-Party a Design Week Awards &nbsp; Na Bratislava Design Week bude jedine\u010dn\u00e1 mo\u017enos\u0165 za\u017ei\u0165 premi\u00e9ru predstavenia, ktor\u00e9 vych\u00e1dza z unik\u00e1tnej \u0161koly sc\u00e9nick\u00e9ho umenia, ktor\u00fa zadefinoval sl\u00e1vny BAUHAUS pod veden\u00edm Oscara Schlemmera. Predstavenie navy\u0161e vznikne na Slovensku ako v\u00fdsledok workshopu pod veden\u00edm lektorov \u2013 kur\u00e1tora Bauhaus Dessau Torstena Blumeho a v\u00fdtvarn\u00ed\u010dky [&hellip;]<\/p>","protected":false},"author":5,"featured_media":0,"comment_status":"closed","ping_status":"closed","sticky":false,"template":"","format":"standard","meta":{"footnotes":""},"categories":[627,476],"tags":[609],"_links":{"self":[{"href":"https:\/\/www.bratislavadesignweek.sk\/en\/wp-json\/wp\/v2\/posts\/5049"}],"collection":[{"href":"https:\/\/www.bratislavadesignweek.sk\/en\/wp-json\/wp\/v2\/posts"}],"about":[{"href":"https:\/\/www.bratislavadesignweek.sk\/en\/wp-json\/wp\/v2\/types\/post"}],"author":[{"embeddable":true,"href":"https:\/\/www.bratislavadesignweek.sk\/en\/wp-json\/wp\/v2\/users\/5"}],"replies":[{"embeddable":true,"href":"https:\/\/www.bratislavadesignweek.sk\/en\/wp-json\/wp\/v2\/comments?post=5049"}],"version-history":[{"count":2,"href":"https:\/\/www.bratislavadesignweek.sk\/en\/wp-json\/wp\/v2\/posts\/5049\/revisions"}],"predecessor-version":[{"id":5051,"href":"https:\/\/www.bratislavadesignweek.sk\/en\/wp-json\/wp\/v2\/posts\/5049\/revisions\/5051"}],"wp:attachment":[{"href":"https:\/\/www.bratislavadesignweek.sk\/en\/wp-json\/wp\/v2\/media?parent=5049"}],"wp:term":[{"taxonomy":"category","embeddable":true,"href":"https:\/\/www.bratislavadesignweek.sk\/en\/wp-json\/wp\/v2\/categories?post=5049"},{"taxonomy":"post_tag","embeddable":true,"href":"https:\/\/www.bratislavadesignweek.sk\/en\/wp-json\/wp\/v2\/tags?post=5049"}],"curies":[{"name":"wp","href":"https:\/\/api.w.org\/{rel}","templated":true}]}}