{"id":5056,"date":"2015-06-08T10:24:16","date_gmt":"2015-06-08T09:24:16","guid":{"rendered":"http:\/\/www.bratislavadesignweek.sk\/?p=5056"},"modified":"2024-09-25T12:13:38","modified_gmt":"2024-09-25T10:13:38","slug":"klara-sumova-a-dirk-wright","status":"publish","type":"post","link":"https:\/\/www.bratislavadesignweek.sk\/en\/klara-sumova-a-dirk-wright\/","title":{"rendered":"Kl\u00e1ra \u0160umov\u00e1 and Dirk Wright"},"content":{"rendered":"<p>[vc_column_text pb_margin_bottom=&#8220;no&#8220; pb_border_bottom=&#8220;no&#8220; width=&#8220;1\/2&#8243; el_position=&#8220;first&#8220;]<\/p>\n<p class=\"impact-text\">Kl\u00e1ra \u0160umov\u00e1 and Dirk Wright<\/p>\n<p>&nbsp;<\/p>\n<p>Designers Kl\u00e1ra \u0160umov\u00e1 and Dirk Wright will present a collection of furniture and interior accessories evoking peace and harmony at this year's Bratislava Design Week. They share a common interest in natural materials and use special finishes to achieve unique contemplative results. Their collaboration is based on linking several areas of design - product, interior, but also graphic design and illustration. In the Oasis collection, they continue both the decorativism and the enchantment of the Orient as set by Art Deco, but at the same time stripping it of its heaviness and giving it a light dreaminess.<\/p>\n<p>&nbsp;<\/p>\n<p>[button colour=\"grey\" type=\"0\u2033 size=\"small\" link=\"http:\/\/www.klarasumova.com\" target=\"_self\"]www.klarasumova.com[\/button]<\/p>\n<p>&nbsp;<\/p>\n<p>[button colour=\"grey\" type=\"0\u2033 size=\"small\" link=\"http:\/\/www.dirkwright.com\" target=\"_self\"]www.dirkwright.com[\/button]<\/p>\n<p>[\/vc_column_text] [vc_column_text pb_margin_bottom=&#8220;no&#8220; pb_border_bottom=&#8220;no&#8220; width=&#8220;1\/2&#8243; el_position=&#8220;last&#8220;]<\/p>\n<p><a href=\"http:\/\/www.bratislavadesignweek.sk\/wp-content\/uploads\/2015\/06\/OAZA_Collection_Photo_Michal_Seba1.jpg\"><img fetchpriority=\"high\" decoding=\"async\" class=\"alignnone size-full wp-image-5057\" src=\"http:\/\/www.bratislavadesignweek.sk\/wp-content\/uploads\/2015\/06\/OAZA_Collection_Photo_Michal_Seba1.jpg\" alt=\"OAZA_Collection_Photo_Michal_Seba1\" width=\"1000\" height=\"766\" srcset=\"https:\/\/www.bratislavadesignweek.sk\/wp-content\/uploads\/2015\/06\/OAZA_Collection_Photo_Michal_Seba1.jpg 1000w, https:\/\/www.bratislavadesignweek.sk\/wp-content\/uploads\/2015\/06\/OAZA_Collection_Photo_Michal_Seba1-300x230.jpg 300w\" sizes=\"(max-width: 1000px) 100vw, 1000px\" \/><\/a><\/p>\n<p>&nbsp;<\/p>\n<p>[\/vc_column_text]<\/p>","protected":false},"excerpt":{"rendered":"<p>[vc_column_text pb_margin_bottom=&#8220;no&#8220; pb_border_bottom=&#8220;no&#8220; width=&#8220;1\/2&#8243; el_position=&#8220;first&#8220;] Kl\u00e1ra \u0160umov\u00e1 a Dirk Wright &nbsp; Dizajn\u00e9ri Kl\u00e1ra \u0160umov\u00e1 a Dirk Wright sa predstavia na tohtoro\u010dnom Bratislava Design Week kolekciou n\u00e1bytkov a ineri\u00e9rov\u00fdch doplnok navodzuj\u00facich pokoj a harm\u00f3niu. Sp\u00e1ja ich spolo\u010dn\u00fd z\u00e1ujem o pr\u00edrodn\u00e9 materi\u00e1ly a pou\u017eit\u00edm \u0161peci\u00e1lnych povrchov\u00fdch \u00faprav dosahuj\u00fa unik\u00e1tne kontemplat\u00edvne v\u00fdsledky. Ich spolupr\u00e1ca je zalo\u017een\u00e1 na prep\u00e1jan\u00ed [&hellip;]<\/p>","protected":false},"author":5,"featured_media":0,"comment_status":"closed","ping_status":"closed","sticky":false,"template":"","format":"standard","meta":{"footnotes":""},"categories":[627,500,510],"tags":[611],"_links":{"self":[{"href":"https:\/\/www.bratislavadesignweek.sk\/en\/wp-json\/wp\/v2\/posts\/5056"}],"collection":[{"href":"https:\/\/www.bratislavadesignweek.sk\/en\/wp-json\/wp\/v2\/posts"}],"about":[{"href":"https:\/\/www.bratislavadesignweek.sk\/en\/wp-json\/wp\/v2\/types\/post"}],"author":[{"embeddable":true,"href":"https:\/\/www.bratislavadesignweek.sk\/en\/wp-json\/wp\/v2\/users\/5"}],"replies":[{"embeddable":true,"href":"https:\/\/www.bratislavadesignweek.sk\/en\/wp-json\/wp\/v2\/comments?post=5056"}],"version-history":[{"count":1,"href":"https:\/\/www.bratislavadesignweek.sk\/en\/wp-json\/wp\/v2\/posts\/5056\/revisions"}],"predecessor-version":[{"id":5058,"href":"https:\/\/www.bratislavadesignweek.sk\/en\/wp-json\/wp\/v2\/posts\/5056\/revisions\/5058"}],"wp:attachment":[{"href":"https:\/\/www.bratislavadesignweek.sk\/en\/wp-json\/wp\/v2\/media?parent=5056"}],"wp:term":[{"taxonomy":"category","embeddable":true,"href":"https:\/\/www.bratislavadesignweek.sk\/en\/wp-json\/wp\/v2\/categories?post=5056"},{"taxonomy":"post_tag","embeddable":true,"href":"https:\/\/www.bratislavadesignweek.sk\/en\/wp-json\/wp\/v2\/tags?post=5056"}],"curies":[{"name":"wp","href":"https:\/\/api.w.org\/{rel}","templated":true}]}}