{"id":5063,"date":"2015-06-08T10:53:39","date_gmt":"2015-06-08T09:53:39","guid":{"rendered":"http:\/\/www.bratislavadesignweek.sk\/?p=5063"},"modified":"2024-09-25T12:13:38","modified_gmt":"2024-09-25T10:13:38","slug":"dechcem","status":"publish","type":"post","link":"https:\/\/www.bratislavadesignweek.sk\/en\/dechcem\/","title":{"rendered":"DECHCEM"},"content":{"rendered":"<p>[vc_column_text pb_margin_bottom=&#8220;no&#8220; pb_border_bottom=&#8220;no&#8220; width=&#8220;1\/2&#8243; el_position=&#8220;first&#8220;]<\/p>\n<p class=\"impact-text\">DECHCEM<\/p>\n<p>&nbsp;<\/p>\n<p>Michaela Tomi\u0161kov\u00e1 is a freelance product designer specialising in food or product design. She graduated from the University of Arts and Industry in Prague in 2011. She has actively participated in residencies, especially in the Netherlands. For example, she completed a residency at the Richard Hutton studio in Utrecht. She likes simplicity, in which she sees real charm and enjoys taking the world apart. She thinks that life is too short to be surrounded by too many things.<\/p>\n<p>Jakub Ja\u0148dourek graduated in cultural theory in Prague in 2007. During his studies, however, he became fascinated by glass and in 2005 he enrolled in and later successfully graduated from the glass school in Nov\u00fd Bor. Thanks to this school, he gained both practical and theoretical knowledge about glass. He has worked for companies and designers such as Ajeto, Anna Torfs, Lasvit and Rony Plesl. Today he works as a freelance \"Glass Production Manager\". He enjoys stories and reading between the lines.<\/p>\n<p>&nbsp;<\/p>\n<p>[button colour=\"grey\" type=\"0\u2033 size=\"small\" link=\"http:\/\/www.dechemstudio.com\" target=\"_self\"]www.dechemstudio.com[\/button]<\/p>\n<p>[\/vc_column_text] [vc_column_text pb_margin_bottom=&#8220;no&#8220; pb_border_bottom=&#8220;no&#8220; width=&#8220;1\/2&#8243; el_position=&#8220;last&#8220;]<\/p>\n<p><a href=\"http:\/\/www.bratislavadesignweek.sk\/wp-content\/uploads\/2015\/06\/sulfonation_02.jpg\"><img fetchpriority=\"high\" decoding=\"async\" class=\"alignnone size-full wp-image-5064\" src=\"http:\/\/www.bratislavadesignweek.sk\/wp-content\/uploads\/2015\/06\/sulfonation_02.jpg\" alt=\"sulfonation_02\" width=\"748\" height=\"499\" srcset=\"https:\/\/www.bratislavadesignweek.sk\/wp-content\/uploads\/2015\/06\/sulfonation_02.jpg 748w, https:\/\/www.bratislavadesignweek.sk\/wp-content\/uploads\/2015\/06\/sulfonation_02-300x200.jpg 300w\" sizes=\"(max-width: 748px) 100vw, 748px\" \/><\/a><\/p>\n<p>&nbsp;<\/p>\n<p>[\/vc_column_text]<\/p>","protected":false},"excerpt":{"rendered":"<p>[vc_column_text pb_margin_bottom=&#8220;no&#8220; pb_border_bottom=&#8220;no&#8220; width=&#8220;1\/2&#8243; el_position=&#8220;first&#8220;] DECHCEM &nbsp; Michaela Tomi\u0161kov\u00e1 je produktov\u00e1 dizajn\u00e9rka\u00a0na vo\u013enej nohe so \u0161pecializ\u00e1ciou v potravin\u00e1rskom alebo produktovom dizajne. V roku 2011 ukon\u010dila Vysok\u00fa umelecko-priemyseln\u00fa \u0161kolu v Prahe. Akt\u00edvne sa z\u00fa\u010dast\u0148ovala pobytov\u00fdch st\u00e1\u017ei najm\u00e4 v Holandsku. Absolvovala rezidenciu napr\u00edklad v \u0161t\u00fadiu Richard Hutton v Utrechte. M\u00e1 rada jednoduchos\u0165, v ktorej vid\u00ed ozajstn\u00e9 \u010daro [&hellip;]<\/p>","protected":false},"author":5,"featured_media":0,"comment_status":"closed","ping_status":"closed","sticky":false,"template":"","format":"standard","meta":{"footnotes":""},"categories":[627,500,510,476],"tags":[613],"_links":{"self":[{"href":"https:\/\/www.bratislavadesignweek.sk\/en\/wp-json\/wp\/v2\/posts\/5063"}],"collection":[{"href":"https:\/\/www.bratislavadesignweek.sk\/en\/wp-json\/wp\/v2\/posts"}],"about":[{"href":"https:\/\/www.bratislavadesignweek.sk\/en\/wp-json\/wp\/v2\/types\/post"}],"author":[{"embeddable":true,"href":"https:\/\/www.bratislavadesignweek.sk\/en\/wp-json\/wp\/v2\/users\/5"}],"replies":[{"embeddable":true,"href":"https:\/\/www.bratislavadesignweek.sk\/en\/wp-json\/wp\/v2\/comments?post=5063"}],"version-history":[{"count":1,"href":"https:\/\/www.bratislavadesignweek.sk\/en\/wp-json\/wp\/v2\/posts\/5063\/revisions"}],"predecessor-version":[{"id":5065,"href":"https:\/\/www.bratislavadesignweek.sk\/en\/wp-json\/wp\/v2\/posts\/5063\/revisions\/5065"}],"wp:attachment":[{"href":"https:\/\/www.bratislavadesignweek.sk\/en\/wp-json\/wp\/v2\/media?parent=5063"}],"wp:term":[{"taxonomy":"category","embeddable":true,"href":"https:\/\/www.bratislavadesignweek.sk\/en\/wp-json\/wp\/v2\/categories?post=5063"},{"taxonomy":"post_tag","embeddable":true,"href":"https:\/\/www.bratislavadesignweek.sk\/en\/wp-json\/wp\/v2\/tags?post=5063"}],"curies":[{"name":"wp","href":"https:\/\/api.w.org\/{rel}","templated":true}]}}