{"id":5087,"date":"2015-06-10T18:20:38","date_gmt":"2015-06-10T17:20:38","guid":{"rendered":"http:\/\/www.bratislavadesignweek.sk\/?p=5087"},"modified":"2024-09-25T12:13:37","modified_gmt":"2024-09-25T10:13:37","slug":"brano-laho-billboard","status":"publish","type":"post","link":"https:\/\/www.bratislavadesignweek.sk\/en\/brano-laho-billboard\/","title":{"rendered":"Bra\u0148o Laho \/ Billboard"},"content":{"rendered":"<p>[vc_column_text pb_margin_bottom=&#8220;no&#8220; pb_border_bottom=&#8220;no&#8220; width=&#8220;1\/2&#8243; el_position=&#8220;first&#8220;]<\/p>\n<p class=\"impact-text\">Bra\u0148o Laho \/ Billboard<\/p>\n<p>&nbsp;<\/p>\n<p>What are the limits of visual smog? Can it enter the pedestrian zone or is it just a dark vision of a possible future? Bra\u0148 Lah's billboard on Laurinsk\u00e1 Street is not just a dream.<\/p>\n<p>&nbsp;<\/p>\n<p>[\/vc_column_text] [vc_column_text pb_margin_bottom=&#8220;no&#8220; pb_border_bottom=&#8220;no&#8220; width=&#8220;1\/2&#8243; el_position=&#8220;last&#8220;]<\/p>\n<p><a href=\"http:\/\/www.bratislavadesignweek.sk\/wp-content\/uploads\/2015\/06\/badw15_ss2.jpg\"><img fetchpriority=\"high\" decoding=\"async\" class=\"alignnone size-full wp-image-5088\" src=\"http:\/\/www.bratislavadesignweek.sk\/wp-content\/uploads\/2015\/06\/badw15_ss2.jpg\" alt=\"badw15_ss2\" width=\"1000\" height=\"750\" srcset=\"https:\/\/www.bratislavadesignweek.sk\/wp-content\/uploads\/2015\/06\/badw15_ss2.jpg 1000w, https:\/\/www.bratislavadesignweek.sk\/wp-content\/uploads\/2015\/06\/badw15_ss2-300x225.jpg 300w, https:\/\/www.bratislavadesignweek.sk\/wp-content\/uploads\/2015\/06\/badw15_ss2-94x70.jpg 94w, https:\/\/www.bratislavadesignweek.sk\/wp-content\/uploads\/2015\/06\/badw15_ss2-600x450.jpg 600w, https:\/\/www.bratislavadesignweek.sk\/wp-content\/uploads\/2015\/06\/badw15_ss2-900x675.jpg 900w\" sizes=\"(max-width: 1000px) 100vw, 1000px\" \/><\/a><\/p>\n<p>[\/vc_column_text]<\/p>","protected":false},"excerpt":{"rendered":"<p>[vc_column_text pb_margin_bottom=&#8220;no&#8220; pb_border_bottom=&#8220;no&#8220; width=&#8220;1\/2&#8243; el_position=&#8220;first&#8220;] Bra\u0148o Laho \/ Billboard &nbsp; Ak\u00e9 hranice m\u00e1 vizu\u00e1lny smog? M\u00f4\u017ee vst\u00fapi\u0165 aj do pe\u0161ej z\u00f3ny alebo je to len temn\u00e1 v\u00edzia mo\u017enej bud\u00facnosti? Billboard Bra\u0148a Laha na Laurinskej ulici nie je len sen. &nbsp; [\/vc_column_text] [vc_column_text pb_margin_bottom=&#8220;no&#8220; pb_border_bottom=&#8220;no&#8220; width=&#8220;1\/2&#8243; el_position=&#8220;last&#8220;] [\/vc_column_text]<\/p>","protected":false},"author":5,"featured_media":0,"comment_status":"closed","ping_status":"closed","sticky":false,"template":"","format":"standard","meta":{"footnotes":""},"categories":[627,476],"tags":[620,619],"_links":{"self":[{"href":"https:\/\/www.bratislavadesignweek.sk\/en\/wp-json\/wp\/v2\/posts\/5087"}],"collection":[{"href":"https:\/\/www.bratislavadesignweek.sk\/en\/wp-json\/wp\/v2\/posts"}],"about":[{"href":"https:\/\/www.bratislavadesignweek.sk\/en\/wp-json\/wp\/v2\/types\/post"}],"author":[{"embeddable":true,"href":"https:\/\/www.bratislavadesignweek.sk\/en\/wp-json\/wp\/v2\/users\/5"}],"replies":[{"embeddable":true,"href":"https:\/\/www.bratislavadesignweek.sk\/en\/wp-json\/wp\/v2\/comments?post=5087"}],"version-history":[{"count":1,"href":"https:\/\/www.bratislavadesignweek.sk\/en\/wp-json\/wp\/v2\/posts\/5087\/revisions"}],"predecessor-version":[{"id":5089,"href":"https:\/\/www.bratislavadesignweek.sk\/en\/wp-json\/wp\/v2\/posts\/5087\/revisions\/5089"}],"wp:attachment":[{"href":"https:\/\/www.bratislavadesignweek.sk\/en\/wp-json\/wp\/v2\/media?parent=5087"}],"wp:term":[{"taxonomy":"category","embeddable":true,"href":"https:\/\/www.bratislavadesignweek.sk\/en\/wp-json\/wp\/v2\/categories?post=5087"},{"taxonomy":"post_tag","embeddable":true,"href":"https:\/\/www.bratislavadesignweek.sk\/en\/wp-json\/wp\/v2\/tags?post=5087"}],"curies":[{"name":"wp","href":"https:\/\/api.w.org\/{rel}","templated":true}]}}