{"id":5090,"date":"2015-06-10T18:26:37","date_gmt":"2015-06-10T17:26:37","guid":{"rendered":"http:\/\/www.bratislavadesignweek.sk\/?p=5090"},"modified":"2024-09-25T12:13:37","modified_gmt":"2024-09-25T10:13:37","slug":"lucia-gasparovicova-a-jan-gasparovic-co2","status":"publish","type":"post","link":"https:\/\/www.bratislavadesignweek.sk\/en\/lucia-gasparovicova-a-jan-gasparovic-co2\/","title":{"rendered":"Lucia Ga\u0161parovi\u010dov\u00e1 and J\u00e1n Ga\u0161parovi\u010d \/ CO2"},"content":{"rendered":"<p>[vc_column_text pb_margin_bottom=&#8220;no&#8220; pb_border_bottom=&#8220;no&#8220; width=&#8220;1\/2&#8243; el_position=&#8220;first&#8220;]<\/p>\n<p class=\"impact-text\">Lucia Ga\u0161parovi\u010dov\u00e1 and J\u00e1n Ga\u0161parovi\u010d \/ CO2<\/p>\n<p>&nbsp;<\/p>\n<p>CO2 is a site-specific project created by two authors for Bratislava Design Week 2015. It is not only designed for a physical place, but also for the theme of the whole festival, which is DREAM. It works with sublimation - the transition between groups and aims to convey an experience of sensory perception just like SEN.<\/p>\n<p>[\/vc_column_text] [vc_column_text pb_margin_bottom=&#8220;no&#8220; pb_border_bottom=&#8220;no&#8220; width=&#8220;1\/2&#8243; el_position=&#8220;last&#8220;]<\/p>\n<p><a href=\"http:\/\/www.bratislavadesignweek.sk\/wp-content\/uploads\/2015\/06\/IMG_6397.jpg\"><img fetchpriority=\"high\" decoding=\"async\" class=\"alignnone size-large wp-image-5091\" src=\"http:\/\/www.bratislavadesignweek.sk\/wp-content\/uploads\/2015\/06\/IMG_6397-1024x724.jpg\" alt=\"IMG_6397\" width=\"1024\" height=\"724\" srcset=\"https:\/\/www.bratislavadesignweek.sk\/wp-content\/uploads\/2015\/06\/IMG_6397-1024x724.jpg 1024w, https:\/\/www.bratislavadesignweek.sk\/wp-content\/uploads\/2015\/06\/IMG_6397-300x212.jpg 300w, https:\/\/www.bratislavadesignweek.sk\/wp-content\/uploads\/2015\/06\/IMG_6397-1280x905.jpg 1280w\" sizes=\"(max-width: 1024px) 100vw, 1024px\" \/><\/a><\/p>\n<p>&nbsp;<\/p>\n<p>[\/vc_column_text]<\/p>","protected":false},"excerpt":{"rendered":"<p>[vc_column_text pb_margin_bottom=&#8220;no&#8220; pb_border_bottom=&#8220;no&#8220; width=&#8220;1\/2&#8243; el_position=&#8220;first&#8220;] Lucia Ga\u0161parovi\u010dov\u00e1 a J\u00e1n Ga\u0161parovi\u010d \/ CO2 &nbsp; CO2 je site-specific projekt vytvoren\u00fd dvojicou autorov pre Bratislava Design Week 2015. Nie je ur\u010den\u00fd len fyzick\u00e9mu miestu, ale tie\u017e t\u00e9me cel\u00e9ho festivalu, ktorou je SEN. Pracuje so sublim\u00e1ciou &#8211; prechodom medzi skupenstvami a d\u00e1va si za cie\u013e sprostredkova\u0165 rovnako ako SEN [&hellip;]<\/p>","protected":false},"author":5,"featured_media":0,"comment_status":"closed","ping_status":"closed","sticky":false,"template":"","format":"standard","meta":{"footnotes":""},"categories":[627,476],"tags":[622,621,328],"_links":{"self":[{"href":"https:\/\/www.bratislavadesignweek.sk\/en\/wp-json\/wp\/v2\/posts\/5090"}],"collection":[{"href":"https:\/\/www.bratislavadesignweek.sk\/en\/wp-json\/wp\/v2\/posts"}],"about":[{"href":"https:\/\/www.bratislavadesignweek.sk\/en\/wp-json\/wp\/v2\/types\/post"}],"author":[{"embeddable":true,"href":"https:\/\/www.bratislavadesignweek.sk\/en\/wp-json\/wp\/v2\/users\/5"}],"replies":[{"embeddable":true,"href":"https:\/\/www.bratislavadesignweek.sk\/en\/wp-json\/wp\/v2\/comments?post=5090"}],"version-history":[{"count":2,"href":"https:\/\/www.bratislavadesignweek.sk\/en\/wp-json\/wp\/v2\/posts\/5090\/revisions"}],"predecessor-version":[{"id":5095,"href":"https:\/\/www.bratislavadesignweek.sk\/en\/wp-json\/wp\/v2\/posts\/5090\/revisions\/5095"}],"wp:attachment":[{"href":"https:\/\/www.bratislavadesignweek.sk\/en\/wp-json\/wp\/v2\/media?parent=5090"}],"wp:term":[{"taxonomy":"category","embeddable":true,"href":"https:\/\/www.bratislavadesignweek.sk\/en\/wp-json\/wp\/v2\/categories?post=5090"},{"taxonomy":"post_tag","embeddable":true,"href":"https:\/\/www.bratislavadesignweek.sk\/en\/wp-json\/wp\/v2\/tags?post=5090"}],"curies":[{"name":"wp","href":"https:\/\/api.w.org\/{rel}","templated":true}]}}