{"id":5110,"date":"2015-06-17T11:40:50","date_gmt":"2015-06-17T10:40:50","guid":{"rendered":"http:\/\/www.bratislavadesignweek.sk\/?p=5110"},"modified":"2024-09-25T12:13:37","modified_gmt":"2024-09-25T10:13:37","slug":"bratislava-design-week-awards-2015","status":"publish","type":"post","link":"https:\/\/www.bratislavadesignweek.sk\/en\/bratislava-design-week-awards-2015\/","title":{"rendered":"Bratislava Design Week Awards 2015"},"content":{"rendered":"<p>[vc_column_text pb_margin_bottom=&#8220;no&#8220; pb_border_bottom=&#8220;no&#8220; width=&#8220;1\/2&#8243; el_position=&#8220;first&#8220;]<\/p>\n<p class=\"impact-text\">Bratislava Design Week Awards 2015<\/p>\n<p>&nbsp;<\/p>\n<p><b>product<\/b><\/p>\n<p>Silvia Lovasov\u00e1: chandelier, 3D printing, 2015<\/p>\n<p>&nbsp;<\/p>\n<p><b>product\u00a0<\/b><\/p>\n<p>J\u00e1n \u0160icko \/ DevKid: Jamky, 2015<br \/>\nConcept by J\u00e1n \u0160icko<br \/>\nDesign by J\u00e1n \u0160icko, Roman Mackovi\u010d<br \/>\nElectronics: Roman Mackovic<br \/>\nSamples.<\/p>\n<p>&nbsp;<\/p>\n<p><b>Collection<\/b><\/p>\n<p>Department of Design, V\u0160VU Bratislava: course Author's Design, Digital - Analog, 2015<br \/>\nteacher: Sylvia Jokelov\u00e1<br \/>\nStudents: Martin Babic, Tom\u00e1\u0161 Gaj, Ondrej Hlavenka, Barbora Kvietkov\u00e1, Jan Mach\u00ed\u010dek, Danica Mlyn\u00e1rikov\u00e1, Petra Rybansk\u00e1, \u013dubom\u00edr Slovinsk\u00fd, Pavol Soukal, Barbora Strakov\u00e1, Dana Tome\u010dkov\u00e1<\/p>\n<p>&nbsp;<\/p>\n<p><b>publication<\/b><\/p>\n<p>Zuzana Zmatekov\u00e1 (in collaboration with Matej Fandl): Digital Aesthetics, 2015<\/p>\n<p>&nbsp;<\/p>\n<p>[\/vc_column_text] [vc_column_text pb_margin_bottom=&#8220;no&#8220; pb_border_bottom=&#8220;no&#8220; width=&#8220;1\/2&#8243; el_position=&#8220;last&#8220;]<\/p>\n<p><a href=\"http:\/\/www.bratislavadesignweek.sk\/wp-content\/uploads\/2015\/06\/MG_2734.jpg\"><img fetchpriority=\"high\" decoding=\"async\" class=\"alignnone size-full wp-image-4973\" src=\"http:\/\/www.bratislavadesignweek.sk\/wp-content\/uploads\/2015\/06\/MG_2734.jpg\" alt=\"_MG_2734\" width=\"1000\" height=\"667\" srcset=\"https:\/\/www.bratislavadesignweek.sk\/wp-content\/uploads\/2015\/06\/MG_2734.jpg 1000w, https:\/\/www.bratislavadesignweek.sk\/wp-content\/uploads\/2015\/06\/MG_2734-300x200.jpg 300w\" sizes=\"(max-width: 1000px) 100vw, 1000px\" \/><\/a><\/p>\n<p><a href=\"http:\/\/www.bratislavadesignweek.sk\/wp-content\/uploads\/2015\/05\/Barbora-Strakov\u00e1-Krok-sp\u00e4\u0165.jpg\"><img decoding=\"async\" class=\"alignnone size-full wp-image-4611\" src=\"http:\/\/www.bratislavadesignweek.sk\/wp-content\/uploads\/2015\/05\/Barbora-Strakov\u00e1-Krok-sp\u00e4\u0165.jpg\" alt=\"Barbora Strakov\u00e1 - Krok sp\u00e4\u0165\" width=\"1000\" height=\"746\" srcset=\"https:\/\/www.bratislavadesignweek.sk\/wp-content\/uploads\/2015\/05\/Barbora-Strakov\u00e1-Krok-sp\u00e4\u0165.jpg 1000w, https:\/\/www.bratislavadesignweek.sk\/wp-content\/uploads\/2015\/05\/Barbora-Strakov\u00e1-Krok-sp\u00e4\u0165-300x224.jpg 300w, https:\/\/www.bratislavadesignweek.sk\/wp-content\/uploads\/2015\/05\/Barbora-Strakov\u00e1-Krok-sp\u00e4\u0165-94x70.jpg 94w\" sizes=\"(max-width: 1000px) 100vw, 1000px\" \/><\/a><\/p>\n<p><a href=\"http:\/\/www.bratislavadesignweek.sk\/wp-content\/uploads\/2015\/06\/DSC_5010_700.jpg\"><img decoding=\"async\" class=\"alignnone size-full wp-image-5101\" src=\"http:\/\/www.bratislavadesignweek.sk\/wp-content\/uploads\/2015\/06\/DSC_5010_700.jpg\" alt=\"DSC_5010_700\" width=\"700\" height=\"500\" srcset=\"https:\/\/www.bratislavadesignweek.sk\/wp-content\/uploads\/2015\/06\/DSC_5010_700.jpg 700w, https:\/\/www.bratislavadesignweek.sk\/wp-content\/uploads\/2015\/06\/DSC_5010_700-300x214.jpg 300w\" sizes=\"(max-width: 700px) 100vw, 700px\" \/><\/a><\/p>\n<p><a href=\"http:\/\/www.bratislavadesignweek.sk\/wp-content\/uploads\/2015\/06\/011.jpg\"><img loading=\"lazy\" decoding=\"async\" class=\"size-full wp-image-5097\" src=\"http:\/\/www.bratislavadesignweek.sk\/wp-content\/uploads\/2015\/06\/011.jpg\" alt=\"OLYMPUS DIGITAL CAMERA\" width=\"750\" height=\"1000\" srcset=\"https:\/\/www.bratislavadesignweek.sk\/wp-content\/uploads\/2015\/06\/011.jpg 750w, https:\/\/www.bratislavadesignweek.sk\/wp-content\/uploads\/2015\/06\/011-225x300.jpg 225w\" sizes=\"(max-width: 750px) 100vw, 750px\" \/><\/a><\/p>\n<p>[\/vc_column_text]<\/p>","protected":false},"excerpt":{"rendered":"<p>[vc_column_text pb_margin_bottom=&#8220;no&#8220; pb_border_bottom=&#8220;no&#8220; width=&#8220;1\/2&#8243; el_position=&#8220;first&#8220;] Bratislava Design Week Awards 2015 &nbsp; produkt Silvia Lovasov\u00e1: luster, 3D tla\u010d,\u00a02015 &nbsp; produkt\u00a0 J\u00e1n \u0160icko \/ DevKid: Jamky, 2015 Koncept: J\u00e1n \u0160icko Design: J\u00e1n \u0160icko, Roman Mackovi\u010d Electronics: Roman Mackovi\u010d Samples: Jonat\u00e1n Pastir\u010d\u00e1k &nbsp; kolekcia Katedra dizajnu, V\u0160VU Bratislava: predmet Autorsk\u00fd dizajn, Digital \u2013 Analog, 2015 pedag\u00f3g: Sylvia Jokelov\u00e1 [&hellip;]<\/p>","protected":false},"author":5,"featured_media":0,"comment_status":"closed","ping_status":"closed","sticky":false,"template":"","format":"standard","meta":{"footnotes":""},"categories":[627,500,476],"tags":[625],"_links":{"self":[{"href":"https:\/\/www.bratislavadesignweek.sk\/en\/wp-json\/wp\/v2\/posts\/5110"}],"collection":[{"href":"https:\/\/www.bratislavadesignweek.sk\/en\/wp-json\/wp\/v2\/posts"}],"about":[{"href":"https:\/\/www.bratislavadesignweek.sk\/en\/wp-json\/wp\/v2\/types\/post"}],"author":[{"embeddable":true,"href":"https:\/\/www.bratislavadesignweek.sk\/en\/wp-json\/wp\/v2\/users\/5"}],"replies":[{"embeddable":true,"href":"https:\/\/www.bratislavadesignweek.sk\/en\/wp-json\/wp\/v2\/comments?post=5110"}],"version-history":[{"count":3,"href":"https:\/\/www.bratislavadesignweek.sk\/en\/wp-json\/wp\/v2\/posts\/5110\/revisions"}],"predecessor-version":[{"id":5119,"href":"https:\/\/www.bratislavadesignweek.sk\/en\/wp-json\/wp\/v2\/posts\/5110\/revisions\/5119"}],"wp:attachment":[{"href":"https:\/\/www.bratislavadesignweek.sk\/en\/wp-json\/wp\/v2\/media?parent=5110"}],"wp:term":[{"taxonomy":"category","embeddable":true,"href":"https:\/\/www.bratislavadesignweek.sk\/en\/wp-json\/wp\/v2\/categories?post=5110"},{"taxonomy":"post_tag","embeddable":true,"href":"https:\/\/www.bratislavadesignweek.sk\/en\/wp-json\/wp\/v2\/tags?post=5110"}],"curies":[{"name":"wp","href":"https:\/\/api.w.org\/{rel}","templated":true}]}}