{"id":553,"date":"2013-07-23T10:00:54","date_gmt":"2013-07-23T09:00:54","guid":{"rendered":"http:\/\/www.bratislavadesignweek.sk\/?p=553"},"modified":"2024-09-25T12:09:29","modified_gmt":"2024-09-25T10:09:29","slug":"jan-lutyk-2","status":"publish","type":"post","link":"https:\/\/www.bratislavadesignweek.sk\/en\/jan-lutyk-2\/","title":{"rendered":"Jan Lutyk"},"content":{"rendered":"<p>[vc_column_text pb_margin_bottom=&#8220;no&#8220; pb_border_bottom=&#8220;no&#8220; width=&#8220;1\/3&#8243; el_position=&#8220;first&#8220;]<\/p>\n<p class=\"impact-text\">Jan Lutyk<\/p>\n<p>&nbsp;<\/p>\n<style type=\"text\/css\"><!--\n@page { margin: 0.79in } \t\tP { margin-bottom: 0.08in } \t\tA:link { color: #0000ff }\n--><\/style>\n<p>Jan Lutyk graduated in ethnology and cultural anthropology from the Warsaw University. He presently studies design at Warsaw&#8217;s Academy of Fine Arts and photography at the Silesian University in Opava. His interdisciplanary approach affects how he perceives reality and thinks about design: the properties of a material give it form, inspire the appearance, aim, and shape of the object. In 2012 he received 1st Prize in the Make Me! competition at the \u0141\u00f3d\u017a Design Festival for his Ribbon design.<\/p>\n<p>&nbsp;<\/p>\n<p>[button colour=&#8220;grey&#8220; type=&#8220;0&#8243; size=&#8220;small&#8220; link=&#8220;http:\/\/www.lutyk.pl&#8220; target=&#8220;_self&#8220;]www.lutyk.pl[\/button]<\/p>\n<p>[\/vc_column_text] [vc_column_text pb_margin_bottom=&#8220;no&#8220; pb_border_bottom=&#8220;no&#8220; width=&#8220;1\/2&#8243; el_position=&#8220;last&#8220;]<\/p>\n<p><a href=\"http:\/\/www.bratislavadesignweek.sk\/wp-content\/uploads\/2013\/07\/Lutyk_ribbon_4.jpg\"><img fetchpriority=\"high\" decoding=\"async\" class=\"alignnone size-full wp-image-549\" alt=\"Lutyk_ribbon_4\" src=\"http:\/\/www.bratislavadesignweek.sk\/wp-content\/uploads\/2013\/07\/Lutyk_ribbon_4.jpg\" width=\"672\" height=\"448\" srcset=\"https:\/\/www.bratislavadesignweek.sk\/wp-content\/uploads\/2013\/07\/Lutyk_ribbon_4.jpg 672w, https:\/\/www.bratislavadesignweek.sk\/wp-content\/uploads\/2013\/07\/Lutyk_ribbon_4-300x200.jpg 300w, https:\/\/www.bratislavadesignweek.sk\/wp-content\/uploads\/2013\/07\/Lutyk_ribbon_4-1x1.jpg 1w\" sizes=\"(max-width: 672px) 100vw, 672px\" \/><\/a><\/p>\n<p>[\/vc_column_text]<\/p>","protected":false},"excerpt":{"rendered":"<p>[vc_column_text pb_margin_bottom=&#8220;no&#8220; pb_border_bottom=&#8220;no&#8220; width=&#8220;1\/3&#8243; el_position=&#8220;first&#8220;] Jan Lutyk &nbsp; Jan Lutyk graduated in ethnology and cultural anthropology from the Warsaw University. He presently studies design at Warsaw&#8217;s Academy of Fine Arts and photography at the Silesian University in Opava. His interdisciplanary approach affects how he perceives reality and thinks about design: the properties of a material [&hellip;]<\/p>","protected":false},"author":5,"featured_media":0,"comment_status":"closed","ping_status":"open","sticky":false,"template":"","format":"standard","meta":{"footnotes":""},"categories":[1],"tags":[228],"_links":{"self":[{"href":"https:\/\/www.bratislavadesignweek.sk\/en\/wp-json\/wp\/v2\/posts\/553"}],"collection":[{"href":"https:\/\/www.bratislavadesignweek.sk\/en\/wp-json\/wp\/v2\/posts"}],"about":[{"href":"https:\/\/www.bratislavadesignweek.sk\/en\/wp-json\/wp\/v2\/types\/post"}],"author":[{"embeddable":true,"href":"https:\/\/www.bratislavadesignweek.sk\/en\/wp-json\/wp\/v2\/users\/5"}],"replies":[{"embeddable":true,"href":"https:\/\/www.bratislavadesignweek.sk\/en\/wp-json\/wp\/v2\/comments?post=553"}],"version-history":[{"count":5,"href":"https:\/\/www.bratislavadesignweek.sk\/en\/wp-json\/wp\/v2\/posts\/553\/revisions"}],"predecessor-version":[{"id":656,"href":"https:\/\/www.bratislavadesignweek.sk\/en\/wp-json\/wp\/v2\/posts\/553\/revisions\/656"}],"wp:attachment":[{"href":"https:\/\/www.bratislavadesignweek.sk\/en\/wp-json\/wp\/v2\/media?parent=553"}],"wp:term":[{"taxonomy":"category","embeddable":true,"href":"https:\/\/www.bratislavadesignweek.sk\/en\/wp-json\/wp\/v2\/categories?post=553"},{"taxonomy":"post_tag","embeddable":true,"href":"https:\/\/www.bratislavadesignweek.sk\/en\/wp-json\/wp\/v2\/tags?post=553"}],"curies":[{"name":"wp","href":"https:\/\/api.w.org\/{rel}","templated":true}]}}