{"id":5611,"date":"2016-04-27T21:09:42","date_gmt":"2016-04-27T20:09:42","guid":{"rendered":"http:\/\/www.bratislavadesignweek.sk\/?p=5611"},"modified":"2024-09-25T12:17:04","modified_gmt":"2024-09-25T10:17:04","slug":"milan-pekar","status":"publish","type":"post","link":"https:\/\/www.bratislavadesignweek.sk\/en\/milan-pekar\/","title":{"rendered":"Milan Peka\u0159"},"content":{"rendered":"<p>[vc_column_text pb_margin_bottom=&#8220;no&#8220; pb_border_bottom=&#8220;no&#8220; width=&#8220;1\/3&#8243; el_position=&#8220;first&#8220;]<\/p>\n<p class=\"impact-text\">Milan Peka\u0159<\/p>\n<p>&nbsp;<\/p>\n<p>Medzi hos\u0165ami BADW je aj Milan Peka\u0159\u00a0\u2013 dizajn\u00e9r, ktor\u00e9ho hlavn\u00fdm materi\u00e1lom je porcel\u00e1n. V posledn\u00fdch rokoch zaujal n\u00e1dhern\u00fdmi glaz\u00farami, ktor\u00e9 s\u00e1m vyvinul. V\u00e1zy nimi pokryt\u00e9 naz\u00fdva kry\u0161t\u00e1lov\u00e9, lebo na povrchu vznikaj\u00fa \u0161trukt\u00fary, ktor\u00e9 sa spr\u00e1vaj\u00fa ako kry\u0161t\u00e1l. Milan Peka\u0159 aktu\u00e1lne p\u00f4sob\u00ed aj pedagogicky. Je asistent profesora v\u00a0Ateli\u00e9ri keramiky a\u00a0porcel\u00e1nu na UMPRUM.<\/p>\n<p>&nbsp;<\/p>\n<p>[button colour=&#8220;grey&#8220; type=&#8220;0&#8243; size=&#8220;small&#8220; link=&#8220;http:\/\/www.milanpekar.com\/work.html&#8220; target=&#8220;_self&#8220;]www.milanpekar.com[\/button]<\/p>\n<p>[\/vc_column_text] [vc_column_text pb_margin_bottom=&#8220;no&#8220; pb_border_bottom=&#8220;no&#8220; width=&#8220;1\/2&#8243; el_position=&#8220;last&#8220;]<\/p>\n<p><a href=\"http:\/\/www.bratislavadesignweek.sk\/wp-content\/uploads\/2016\/04\/1.jpg\" rel=\"attachment wp-att-5612\"><img fetchpriority=\"high\" decoding=\"async\" class=\"alignnone size-full wp-image-5612\" src=\"http:\/\/www.bratislavadesignweek.sk\/wp-content\/uploads\/2016\/04\/1.jpg\" alt=\"1\" width=\"600\" height=\"792\" srcset=\"https:\/\/www.bratislavadesignweek.sk\/wp-content\/uploads\/2016\/04\/1.jpg 600w, https:\/\/www.bratislavadesignweek.sk\/wp-content\/uploads\/2016\/04\/1-227x300.jpg 227w\" sizes=\"(max-width: 600px) 100vw, 600px\" \/><\/a><\/p>\n<p>&nbsp;<\/p>\n<p>[\/vc_column_text]<\/p>","protected":false},"excerpt":{"rendered":"<p>[vc_column_text pb_margin_bottom=&#8220;no&#8220; pb_border_bottom=&#8220;no&#8220; width=&#8220;1\/3&#8243; el_position=&#8220;first&#8220;] Milan Peka\u0159 &nbsp; Medzi hos\u0165ami BADW je aj Milan Peka\u0159\u00a0\u2013 dizajn\u00e9r, ktor\u00e9ho hlavn\u00fdm materi\u00e1lom je porcel\u00e1n. V posledn\u00fdch rokoch zaujal n\u00e1dhern\u00fdmi glaz\u00farami, ktor\u00e9 s\u00e1m vyvinul. V\u00e1zy nimi pokryt\u00e9 naz\u00fdva kry\u0161t\u00e1lov\u00e9, lebo na povrchu vznikaj\u00fa \u0161trukt\u00fary, ktor\u00e9 sa spr\u00e1vaj\u00fa ako kry\u0161t\u00e1l. Milan Peka\u0159 aktu\u00e1lne p\u00f4sob\u00ed aj pedagogicky. Je asistent profesora v\u00a0Ateli\u00e9ri [&hellip;]<\/p>","protected":false},"author":5,"featured_media":0,"comment_status":"closed","ping_status":"closed","sticky":false,"template":"","format":"standard","meta":{"footnotes":""},"categories":[634,783],"tags":[647],"_links":{"self":[{"href":"https:\/\/www.bratislavadesignweek.sk\/en\/wp-json\/wp\/v2\/posts\/5611"}],"collection":[{"href":"https:\/\/www.bratislavadesignweek.sk\/en\/wp-json\/wp\/v2\/posts"}],"about":[{"href":"https:\/\/www.bratislavadesignweek.sk\/en\/wp-json\/wp\/v2\/types\/post"}],"author":[{"embeddable":true,"href":"https:\/\/www.bratislavadesignweek.sk\/en\/wp-json\/wp\/v2\/users\/5"}],"replies":[{"embeddable":true,"href":"https:\/\/www.bratislavadesignweek.sk\/en\/wp-json\/wp\/v2\/comments?post=5611"}],"version-history":[{"count":3,"href":"https:\/\/www.bratislavadesignweek.sk\/en\/wp-json\/wp\/v2\/posts\/5611\/revisions"}],"predecessor-version":[{"id":5971,"href":"https:\/\/www.bratislavadesignweek.sk\/en\/wp-json\/wp\/v2\/posts\/5611\/revisions\/5971"}],"wp:attachment":[{"href":"https:\/\/www.bratislavadesignweek.sk\/en\/wp-json\/wp\/v2\/media?parent=5611"}],"wp:term":[{"taxonomy":"category","embeddable":true,"href":"https:\/\/www.bratislavadesignweek.sk\/en\/wp-json\/wp\/v2\/categories?post=5611"},{"taxonomy":"post_tag","embeddable":true,"href":"https:\/\/www.bratislavadesignweek.sk\/en\/wp-json\/wp\/v2\/tags?post=5611"}],"curies":[{"name":"wp","href":"https:\/\/api.w.org\/{rel}","templated":true}]}}