{"id":5640,"date":"2016-05-05T22:15:12","date_gmt":"2016-05-05T21:15:12","guid":{"rendered":"http:\/\/www.bratislavadesignweek.sk\/?p=5640"},"modified":"2024-09-25T12:18:21","modified_gmt":"2024-09-25T10:18:21","slug":"deform","status":"publish","type":"post","link":"https:\/\/www.bratislavadesignweek.sk\/en\/deform\/","title":{"rendered":"deFORM"},"content":{"rendered":"<p>[vc_column_text pb_margin_bottom=&#8220;no&#8220; pb_border_bottom=&#8220;no&#8220; width=&#8220;1\/2&#8243; el_position=&#8220;first&#8220;]<\/p>\n<p class=\"impact-text\">deFORM<\/p>\n<p>&nbsp;<\/p>\n<p>Na\u0161e ob\u013e\u00faben\u00e9 \u010deskoslovensk\u00e9 dizajn\u00e9rske duo deFORM \u2013 Jakub Poll\u00e1g a V\u00e1clav Mlyn\u00e1\u0159 \u2013 pr\u00edde predstavi\u0165 svoj praktick\u00fd pr\u00edspevok ku kult\u00fare tetovania. S\u00fa autormi praktick\u00e9ho osobn\u00e9ho tetovacieho pr\u00edstroja (Personal Tattoo Machine).<\/p>\n<p>Te\u0161\u00edme sa aj na praktick\u00e9 uk\u00e1\u017eky!<\/p>\n<p>&nbsp;<\/p>\n<p>[button colour=&#8220;grey&#8220; type=&#8220;0&#8243; size=&#8220;small&#8220; link=&#8220;http:\/\/www.personaltattoomachine.com\/&#8220; target=&#8220;_self&#8220;]www.personaltattoomachine.com[\/button]<\/p>\n<p>[\/vc_column_text] [vc_column_text pb_margin_bottom=&#8220;no&#8220; pb_border_bottom=&#8220;no&#8220; width=&#8220;1\/2&#8243; el_position=&#8220;last&#8220;]<\/p>\n<p><a href=\"http:\/\/www.bratislavadesignweek.sk\/wp-content\/uploads\/2016\/05\/13147435_1103940946311252_3832864811571956452_o.jpg\" rel=\"attachment wp-att-5641\"><img fetchpriority=\"high\" decoding=\"async\" class=\"alignnone size-full wp-image-5641\" src=\"http:\/\/www.bratislavadesignweek.sk\/wp-content\/uploads\/2016\/05\/13147435_1103940946311252_3832864811571956452_o.jpg\" alt=\"13147435_1103940946311252_3832864811571956452_o\" width=\"1000\" height=\"666\" srcset=\"https:\/\/www.bratislavadesignweek.sk\/wp-content\/uploads\/2016\/05\/13147435_1103940946311252_3832864811571956452_o.jpg 1000w, https:\/\/www.bratislavadesignweek.sk\/wp-content\/uploads\/2016\/05\/13147435_1103940946311252_3832864811571956452_o-300x200.jpg 300w, https:\/\/www.bratislavadesignweek.sk\/wp-content\/uploads\/2016\/05\/13147435_1103940946311252_3832864811571956452_o-768x511.jpg 768w\" sizes=\"(max-width: 1000px) 100vw, 1000px\" \/><\/a><\/p>\n<p>&nbsp;<\/p>\n<p>[\/vc_column_text]<\/p>","protected":false},"excerpt":{"rendered":"<p>[vc_column_text pb_margin_bottom=&#8220;no&#8220; pb_border_bottom=&#8220;no&#8220; width=&#8220;1\/2&#8243; el_position=&#8220;first&#8220;] deFORM &nbsp; Na\u0161e ob\u013e\u00faben\u00e9 \u010deskoslovensk\u00e9 dizajn\u00e9rske duo deFORM \u2013 Jakub Poll\u00e1g a V\u00e1clav Mlyn\u00e1\u0159 \u2013 pr\u00edde predstavi\u0165 svoj praktick\u00fd pr\u00edspevok ku kult\u00fare tetovania. S\u00fa autormi praktick\u00e9ho osobn\u00e9ho tetovacieho pr\u00edstroja (Personal Tattoo Machine). Te\u0161\u00edme sa aj na praktick\u00e9 uk\u00e1\u017eky! &nbsp; [button colour=&#8220;grey&#8220; type=&#8220;0&#8243; size=&#8220;small&#8220; link=&#8220;http:\/\/www.personaltattoomachine.com\/&#8220; target=&#8220;_self&#8220;]www.personaltattoomachine.com[\/button] [\/vc_column_text] [vc_column_text pb_margin_bottom=&#8220;no&#8220; pb_border_bottom=&#8220;no&#8220; width=&#8220;1\/2&#8243; [&hellip;]<\/p>","protected":false},"author":5,"featured_media":0,"comment_status":"closed","ping_status":"closed","sticky":false,"template":"","format":"standard","meta":{"footnotes":""},"categories":[634,783],"tags":[267],"_links":{"self":[{"href":"https:\/\/www.bratislavadesignweek.sk\/en\/wp-json\/wp\/v2\/posts\/5640"}],"collection":[{"href":"https:\/\/www.bratislavadesignweek.sk\/en\/wp-json\/wp\/v2\/posts"}],"about":[{"href":"https:\/\/www.bratislavadesignweek.sk\/en\/wp-json\/wp\/v2\/types\/post"}],"author":[{"embeddable":true,"href":"https:\/\/www.bratislavadesignweek.sk\/en\/wp-json\/wp\/v2\/users\/5"}],"replies":[{"embeddable":true,"href":"https:\/\/www.bratislavadesignweek.sk\/en\/wp-json\/wp\/v2\/comments?post=5640"}],"version-history":[{"count":3,"href":"https:\/\/www.bratislavadesignweek.sk\/en\/wp-json\/wp\/v2\/posts\/5640\/revisions"}],"predecessor-version":[{"id":6158,"href":"https:\/\/www.bratislavadesignweek.sk\/en\/wp-json\/wp\/v2\/posts\/5640\/revisions\/6158"}],"wp:attachment":[{"href":"https:\/\/www.bratislavadesignweek.sk\/en\/wp-json\/wp\/v2\/media?parent=5640"}],"wp:term":[{"taxonomy":"category","embeddable":true,"href":"https:\/\/www.bratislavadesignweek.sk\/en\/wp-json\/wp\/v2\/categories?post=5640"},{"taxonomy":"post_tag","embeddable":true,"href":"https:\/\/www.bratislavadesignweek.sk\/en\/wp-json\/wp\/v2\/tags?post=5640"}],"curies":[{"name":"wp","href":"https:\/\/api.w.org\/{rel}","templated":true}]}}