{"id":5643,"date":"2016-05-05T22:18:21","date_gmt":"2016-05-05T21:18:21","guid":{"rendered":"http:\/\/www.bratislavadesignweek.sk\/?p=5643"},"modified":"2024-09-25T12:18:20","modified_gmt":"2024-09-25T10:18:20","slug":"deform-2","status":"publish","type":"post","link":"https:\/\/www.bratislavadesignweek.sk\/en\/deform-2\/","title":{"rendered":"deFORM"},"content":{"rendered":"<p>[vc_column_text pb_margin_bottom=&#8220;no&#8220; pb_border_bottom=&#8220;no&#8220; width=&#8220;1\/3&#8243; el_position=&#8220;first&#8220;]<\/p>\n<p class=\"impact-text\">deFORM<\/p>\n<p>&nbsp;<\/p>\n<p>Our favourite Czech-Slovak design duo deFORM \u2013 made up of Jakub Poll\u00e1g and V\u00e1clav Mlyn\u00e1\u0159 \u2013 are coming to our festival to present their contribution to the tattoo culture. They\u2019re the authors of the Personal Tattoo Machine. We can\u2019t wait for their presentations.<\/p>\n<p>&nbsp;<\/p>\n<p>[button colour=&#8220;grey&#8220; type=&#8220;0&#8243; size=&#8220;small&#8220; link=&#8220;http:\/\/www.personaltattoomachine.com\/&#8220; target=&#8220;_self&#8220;]www.personaltattoomachine.com[\/button]<\/p>\n<p>[\/vc_column_text] [vc_column_text pb_margin_bottom=&#8220;no&#8220; pb_border_bottom=&#8220;no&#8220; width=&#8220;1\/2&#8243; el_position=&#8220;last&#8220;]<\/p>\n<p><a href=\"http:\/\/www.bratislavadesignweek.sk\/wp-content\/uploads\/2016\/05\/13147435_1103940946311252_3832864811571956452_o.jpg\" rel=\"attachment wp-att-5641\"><img fetchpriority=\"high\" decoding=\"async\" class=\"alignnone size-full wp-image-5641\" src=\"http:\/\/www.bratislavadesignweek.sk\/wp-content\/uploads\/2016\/05\/13147435_1103940946311252_3832864811571956452_o.jpg\" alt=\"13147435_1103940946311252_3832864811571956452_o\" width=\"1000\" height=\"666\" srcset=\"https:\/\/www.bratislavadesignweek.sk\/wp-content\/uploads\/2016\/05\/13147435_1103940946311252_3832864811571956452_o.jpg 1000w, https:\/\/www.bratislavadesignweek.sk\/wp-content\/uploads\/2016\/05\/13147435_1103940946311252_3832864811571956452_o-300x200.jpg 300w, https:\/\/www.bratislavadesignweek.sk\/wp-content\/uploads\/2016\/05\/13147435_1103940946311252_3832864811571956452_o-768x511.jpg 768w\" sizes=\"(max-width: 1000px) 100vw, 1000px\" \/><\/a><\/p>\n<p>&nbsp;<\/p>\n<p>[\/vc_column_text]<\/p>","protected":false},"excerpt":{"rendered":"<p>[vc_column_text pb_margin_bottom=&#8220;no&#8220; pb_border_bottom=&#8220;no&#8220; width=&#8220;1\/3&#8243; el_position=&#8220;first&#8220;] deFORM &nbsp; Our favourite Czech-Slovak design duo deFORM \u2013 made up of Jakub Poll\u00e1g and V\u00e1clav Mlyn\u00e1\u0159 \u2013 are coming to our festival to present their contribution to the tattoo culture. They\u2019re the authors of the Personal Tattoo Machine. We can\u2019t wait for their presentations. &nbsp; [button colour=&#8220;grey&#8220; type=&#8220;0&#8243; size=&#8220;small&#8220; [&hellip;]<\/p>","protected":false},"author":5,"featured_media":0,"comment_status":"closed","ping_status":"closed","sticky":false,"template":"","format":"standard","meta":{"footnotes":""},"categories":[783],"tags":[267,650],"_links":{"self":[{"href":"https:\/\/www.bratislavadesignweek.sk\/en\/wp-json\/wp\/v2\/posts\/5643"}],"collection":[{"href":"https:\/\/www.bratislavadesignweek.sk\/en\/wp-json\/wp\/v2\/posts"}],"about":[{"href":"https:\/\/www.bratislavadesignweek.sk\/en\/wp-json\/wp\/v2\/types\/post"}],"author":[{"embeddable":true,"href":"https:\/\/www.bratislavadesignweek.sk\/en\/wp-json\/wp\/v2\/users\/5"}],"replies":[{"embeddable":true,"href":"https:\/\/www.bratislavadesignweek.sk\/en\/wp-json\/wp\/v2\/comments?post=5643"}],"version-history":[{"count":2,"href":"https:\/\/www.bratislavadesignweek.sk\/en\/wp-json\/wp\/v2\/posts\/5643\/revisions"}],"predecessor-version":[{"id":5673,"href":"https:\/\/www.bratislavadesignweek.sk\/en\/wp-json\/wp\/v2\/posts\/5643\/revisions\/5673"}],"wp:attachment":[{"href":"https:\/\/www.bratislavadesignweek.sk\/en\/wp-json\/wp\/v2\/media?parent=5643"}],"wp:term":[{"taxonomy":"category","embeddable":true,"href":"https:\/\/www.bratislavadesignweek.sk\/en\/wp-json\/wp\/v2\/categories?post=5643"},{"taxonomy":"post_tag","embeddable":true,"href":"https:\/\/www.bratislavadesignweek.sk\/en\/wp-json\/wp\/v2\/tags?post=5643"}],"curies":[{"name":"wp","href":"https:\/\/api.w.org\/{rel}","templated":true}]}}