{"id":5645,"date":"2016-05-05T22:29:46","date_gmt":"2016-05-05T21:29:46","guid":{"rendered":"http:\/\/www.bratislavadesignweek.sk\/?p=5645"},"modified":"2024-09-25T12:18:20","modified_gmt":"2024-09-25T10:18:20","slug":"maciej-chmara-a-ania-rosinke","status":"publish","type":"post","link":"https:\/\/www.bratislavadesignweek.sk\/en\/maciej-chmara-a-ania-rosinke\/","title":{"rendered":"Maciej Chmara a Ania Rosinke"},"content":{"rendered":"<p>[vc_column_text pb_margin_bottom=&#8220;no&#8220; pb_border_bottom=&#8220;no&#8220; width=&#8220;1\/2&#8243; el_position=&#8220;first&#8220;]<\/p>\n<p class=\"impact-text\">Maciej Chmara a Ania Rosinke<\/p>\n<p>&nbsp;<\/p>\n<p>Viedensk\u00e1 dizajn\u00e9rska dvojica Maciej Chmara a Ania Rosinke u\u017e raz na na\u0161om festivale vystavovala. Teraz sa vracaj\u00fa ako jedni z respondentov projektu European Design Stories. Od kedy boli u n\u00e1s pre\u0161li celkom zauj\u00edmav\u00fa cestu. V roku 2014 boli napr\u00edklad finalistami prest\u00ed\u017enej ceny The Prix \u00c9mile Herm\u00e8s. Vo svojej tvorbe sa sna\u017eia kombinova\u0165 kvalitn\u00e9 remeslo s konceptu\u00e1lnymi aj ekologick\u00fdmi v\u00fdchodiskami. V Bratislave okrem uk\u00e1\u017eky z ich tvorby predstavia svoju tvorbu osobne \u2013 prostredn\u00edctvom predn\u00e1\u0161ky.<\/p>\n<p>&nbsp;<\/p>\n<p>[button colour=&#8220;grey&#8220; type=&#8220;0&#8243; size=&#8220;small&#8220; link=&#8220;http:\/\/chmararosinke.com\/&#8220; target=&#8220;_self&#8220;]chmararosinke.com[\/button]<\/p>\n<p>[\/vc_column_text] [vc_column_text pb_margin_bottom=&#8220;no&#8220; pb_border_bottom=&#8220;no&#8220; width=&#8220;1\/2&#8243; el_position=&#8220;last&#8220;]<\/p>\n<p><a href=\"http:\/\/www.bratislavadesignweek.sk\/wp-content\/uploads\/2016\/05\/13124628_1102328569805823_8745431368883023958_n.jpg\" rel=\"attachment wp-att-5646\"><img fetchpriority=\"high\" decoding=\"async\" class=\"alignnone size-full wp-image-5646\" src=\"http:\/\/www.bratislavadesignweek.sk\/wp-content\/uploads\/2016\/05\/13124628_1102328569805823_8745431368883023958_n.jpg\" alt=\"13124628_1102328569805823_8745431368883023958_n\" width=\"923\" height=\"692\" srcset=\"https:\/\/www.bratislavadesignweek.sk\/wp-content\/uploads\/2016\/05\/13124628_1102328569805823_8745431368883023958_n.jpg 923w, https:\/\/www.bratislavadesignweek.sk\/wp-content\/uploads\/2016\/05\/13124628_1102328569805823_8745431368883023958_n-300x225.jpg 300w, https:\/\/www.bratislavadesignweek.sk\/wp-content\/uploads\/2016\/05\/13124628_1102328569805823_8745431368883023958_n-768x576.jpg 768w, https:\/\/www.bratislavadesignweek.sk\/wp-content\/uploads\/2016\/05\/13124628_1102328569805823_8745431368883023958_n-94x70.jpg 94w, https:\/\/www.bratislavadesignweek.sk\/wp-content\/uploads\/2016\/05\/13124628_1102328569805823_8745431368883023958_n-600x450.jpg 600w, https:\/\/www.bratislavadesignweek.sk\/wp-content\/uploads\/2016\/05\/13124628_1102328569805823_8745431368883023958_n-900x675.jpg 900w\" sizes=\"(max-width: 923px) 100vw, 923px\" \/><\/a><\/p>\n<p>&nbsp;<\/p>\n<p>[\/vc_column_text]<\/p>","protected":false},"excerpt":{"rendered":"<p>[vc_column_text pb_margin_bottom=&#8220;no&#8220; pb_border_bottom=&#8220;no&#8220; width=&#8220;1\/2&#8243; el_position=&#8220;first&#8220;] Maciej Chmara a Ania Rosinke &nbsp; Viedensk\u00e1 dizajn\u00e9rska dvojica Maciej Chmara a Ania Rosinke u\u017e raz na na\u0161om festivale vystavovala. Teraz sa vracaj\u00fa ako jedni z respondentov projektu European Design Stories. Od kedy boli u n\u00e1s pre\u0161li celkom zauj\u00edmav\u00fa cestu. V roku 2014 boli napr\u00edklad finalistami prest\u00ed\u017enej ceny The Prix [&hellip;]<\/p>","protected":false},"author":5,"featured_media":0,"comment_status":"closed","ping_status":"closed","sticky":false,"template":"","format":"standard","meta":{"footnotes":""},"categories":[634,783],"tags":[651],"_links":{"self":[{"href":"https:\/\/www.bratislavadesignweek.sk\/en\/wp-json\/wp\/v2\/posts\/5645"}],"collection":[{"href":"https:\/\/www.bratislavadesignweek.sk\/en\/wp-json\/wp\/v2\/posts"}],"about":[{"href":"https:\/\/www.bratislavadesignweek.sk\/en\/wp-json\/wp\/v2\/types\/post"}],"author":[{"embeddable":true,"href":"https:\/\/www.bratislavadesignweek.sk\/en\/wp-json\/wp\/v2\/users\/5"}],"replies":[{"embeddable":true,"href":"https:\/\/www.bratislavadesignweek.sk\/en\/wp-json\/wp\/v2\/comments?post=5645"}],"version-history":[{"count":2,"href":"https:\/\/www.bratislavadesignweek.sk\/en\/wp-json\/wp\/v2\/posts\/5645\/revisions"}],"predecessor-version":[{"id":6156,"href":"https:\/\/www.bratislavadesignweek.sk\/en\/wp-json\/wp\/v2\/posts\/5645\/revisions\/6156"}],"wp:attachment":[{"href":"https:\/\/www.bratislavadesignweek.sk\/en\/wp-json\/wp\/v2\/media?parent=5645"}],"wp:term":[{"taxonomy":"category","embeddable":true,"href":"https:\/\/www.bratislavadesignweek.sk\/en\/wp-json\/wp\/v2\/categories?post=5645"},{"taxonomy":"post_tag","embeddable":true,"href":"https:\/\/www.bratislavadesignweek.sk\/en\/wp-json\/wp\/v2\/tags?post=5645"}],"curies":[{"name":"wp","href":"https:\/\/api.w.org\/{rel}","templated":true}]}}