{"id":5774,"date":"2016-05-18T22:24:07","date_gmt":"2016-05-18T21:24:07","guid":{"rendered":"http:\/\/www.bratislavadesignweek.sk\/?p=5774"},"modified":"2024-09-25T12:18:20","modified_gmt":"2024-09-25T10:18:20","slug":"zdenka-bubakova-2","status":"publish","type":"post","link":"https:\/\/www.bratislavadesignweek.sk\/en\/zdenka-bubakova-2\/","title":{"rendered":"Zdenka Bub\u00e1kov\u00e1"},"content":{"rendered":"<p>[vc_column_text pb_margin_bottom=&#8220;no&#8220; pb_border_bottom=&#8220;no&#8220; width=&#8220;1\/3&#8243; el_position=&#8220;first&#8220;]<\/p>\n<p class=\"impact-text\">Zdenka Bub\u00e1kov\u00e1<\/p>\n<p>Kolekcia ta\u0161iek a\u00a0doplnkov PREMENY pracuje s\u00a0pls\u0165ou netradi\u010dn\u00fdm sp\u00f4sobom. Pls\u0165 je materi\u00e1l s\u00a0nekone\u010dn\u00fdm potenci\u00e1lom pln\u00fd tvarov\u00fdch mo\u017enost\u00ed a\u00a0objemov\u00fdch vari\u00e1ci\u00ed. Premena vlasov\u00e9ho vl\u00e1kna na jednoliaty materi\u00e1l je tak\u00fd jedine\u010dn\u00fd proces, \u017ee dovo\u013euje modelova\u0165 tvary, ktor\u00e9 in\u00e9 materi\u00e1ly neunes\u00fa. Kolekcia PREMENY sk\u00fama tieto mo\u017enosti, sna\u017e\u00ed sa n\u00e1js\u0165 optim\u00e1lnu mieru medzi hr\u00fabkou materi\u00e1lu, zlo\u017eitos\u0165ou tvaru a\u00a0dokazuje, \u017ee aj samotn\u00fd materi\u00e1l sa m\u00f4\u017ee sta\u0165 nevy\u010derpate\u013en\u00fdm zdrojom in\u0161pir\u00e1cie.<\/p>\n<p>[button colour=&#8220;grey&#8220; type=&#8220;0&#8243; size=&#8220;small&#8220; link=&#8220;http:\/\/bubakdesign.com&#8220; target=&#8220;_self&#8220;]bubakdesign.com[\/button]<\/p>\n<p>[\/vc_column_text] [vc_column_text pb_margin_bottom=&#8220;no&#8220; pb_border_bottom=&#8220;no&#8220; width=&#8220;1\/2&#8243; el_position=&#8220;last&#8220;]<\/p>\n<p><a href=\"http:\/\/www.bratislavadesignweek.sk\/wp-content\/uploads\/2016\/05\/Zdenka-Bub\u00e1kov\u00e1-BADW.jpg\" rel=\"attachment wp-att-5775\"><img fetchpriority=\"high\" decoding=\"async\" class=\"alignnone size-full wp-image-5775\" src=\"http:\/\/www.bratislavadesignweek.sk\/wp-content\/uploads\/2016\/05\/Zdenka-Bub\u00e1kov\u00e1-BADW.jpg\" alt=\"Zdenka-Bub\u00e1kov\u00e1-BADW\" width=\"1200\" height=\"1199\" \/><\/a><\/p>\n<p>[\/vc_column_text]<\/p>","protected":false},"excerpt":{"rendered":"<p>[vc_column_text pb_margin_bottom=&#8220;no&#8220; pb_border_bottom=&#8220;no&#8220; width=&#8220;1\/3&#8243; el_position=&#8220;first&#8220;] Zdenka Bub\u00e1kov\u00e1 Kolekcia ta\u0161iek a\u00a0doplnkov PREMENY pracuje s\u00a0pls\u0165ou netradi\u010dn\u00fdm sp\u00f4sobom. Pls\u0165 je materi\u00e1l s\u00a0nekone\u010dn\u00fdm potenci\u00e1lom pln\u00fd tvarov\u00fdch mo\u017enost\u00ed a\u00a0objemov\u00fdch vari\u00e1ci\u00ed. Premena vlasov\u00e9ho vl\u00e1kna na jednoliaty materi\u00e1l je tak\u00fd jedine\u010dn\u00fd proces, \u017ee dovo\u013euje modelova\u0165 tvary, ktor\u00e9 in\u00e9 materi\u00e1ly neunes\u00fa. Kolekcia PREMENY sk\u00fama tieto mo\u017enosti, sna\u017e\u00ed sa n\u00e1js\u0165 optim\u00e1lnu mieru medzi hr\u00fabkou [&hellip;]<\/p>","protected":false},"author":5,"featured_media":0,"comment_status":"closed","ping_status":"closed","sticky":false,"template":"","format":"standard","meta":{"footnotes":""},"categories":[783,660],"tags":[554],"_links":{"self":[{"href":"https:\/\/www.bratislavadesignweek.sk\/en\/wp-json\/wp\/v2\/posts\/5774"}],"collection":[{"href":"https:\/\/www.bratislavadesignweek.sk\/en\/wp-json\/wp\/v2\/posts"}],"about":[{"href":"https:\/\/www.bratislavadesignweek.sk\/en\/wp-json\/wp\/v2\/types\/post"}],"author":[{"embeddable":true,"href":"https:\/\/www.bratislavadesignweek.sk\/en\/wp-json\/wp\/v2\/users\/5"}],"replies":[{"embeddable":true,"href":"https:\/\/www.bratislavadesignweek.sk\/en\/wp-json\/wp\/v2\/comments?post=5774"}],"version-history":[{"count":2,"href":"https:\/\/www.bratislavadesignweek.sk\/en\/wp-json\/wp\/v2\/posts\/5774\/revisions"}],"predecessor-version":[{"id":5779,"href":"https:\/\/www.bratislavadesignweek.sk\/en\/wp-json\/wp\/v2\/posts\/5774\/revisions\/5779"}],"wp:attachment":[{"href":"https:\/\/www.bratislavadesignweek.sk\/en\/wp-json\/wp\/v2\/media?parent=5774"}],"wp:term":[{"taxonomy":"category","embeddable":true,"href":"https:\/\/www.bratislavadesignweek.sk\/en\/wp-json\/wp\/v2\/categories?post=5774"},{"taxonomy":"post_tag","embeddable":true,"href":"https:\/\/www.bratislavadesignweek.sk\/en\/wp-json\/wp\/v2\/tags?post=5774"}],"curies":[{"name":"wp","href":"https:\/\/api.w.org\/{rel}","templated":true}]}}