{"id":5785,"date":"2016-05-19T09:43:25","date_gmt":"2016-05-19T08:43:25","guid":{"rendered":"http:\/\/www.bratislavadesignweek.sk\/?p=5785"},"modified":"2024-09-25T12:18:20","modified_gmt":"2024-09-25T10:18:20","slug":"gabriela-prochazka","status":"publish","type":"post","link":"https:\/\/www.bratislavadesignweek.sk\/en\/gabriela-prochazka\/","title":{"rendered":"Gabriela Prochazka &amp; Vlastimil \u0160enk\u00fd\u0159"},"content":{"rendered":"<p>[vc_column_text pb_margin_bottom=&#8220;no&#8220; pb_border_bottom=&#8220;no&#8220; width=&#8220;1\/3&#8243; el_position=&#8220;first&#8220;]<\/p>\n<p class=\"impact-text\">Gabriela Prochazka &amp; Vlastimil \u0160enk\u00fd\u0159<\/p>\n<p class=\"impact-text\">CHOROSH<\/p>\n<p>Chorosh je origin\u00e1lne atmosf\u00e9rick\u00e9 svietidlo, ktor\u00e9 prin\u00e1\u0161a magick\u00fa atmosf\u00e9ru lesa do v\u00e1\u0161ho interi\u00e9ru. K\u00a0dispoz\u00edcii s\u00fa r\u00f4zne farebn\u00e9 varianty textiln\u00fdch k\u00e1blov. Svietiace huby sa teraz m\u00f4\u017eu rozr\u00e1sta\u0165 aj vo va\u0161ej sp\u00e1lni!<\/p>\n<p>Gabriela Prochazka: Mlad\u00e1 \u010desk\u00e1 vizu\u00e1lna umelky\u0148a, zn\u00e1ma predov\u0161etk\u00fdm sveteln\u00fdmi in\u0161tal\u00e1ciami, napr. pre Signal festival alebo divadlo Archa a kolekt\u00edv VOSTO5. Na BADW predstavuje prv\u00fd rad porcel\u00e1nov\u00fdch svietidiel Chorosh, ktor\u00e9 vznikli v\u00a0kolabor\u00e1cii s\u00a0Vlastimilom \u0160enk\u00fd\u0159om.<\/p>\n<p>[button colour=\"grey\" type=\"0\u2033 size=\"small\" link=\"http:\/\/gabrielaprochazka.com\" target=\"_self\"]gabrielaprochazka.com[\/button]<\/p>\n<p>[\/vc_column_text] [vc_column_text pb_margin_bottom=&#8220;no&#8220; pb_border_bottom=&#8220;no&#8220; width=&#8220;1\/2&#8243; el_position=&#8220;last&#8220;]<\/p>\n<p><a href=\"http:\/\/www.bratislavadesignweek.sk\/wp-content\/uploads\/2016\/05\/Chorosh_2_14-copy.jpg\" rel=\"attachment wp-att-5786\"><img fetchpriority=\"high\" decoding=\"async\" class=\"alignnone size-full wp-image-5786\" src=\"http:\/\/www.bratislavadesignweek.sk\/wp-content\/uploads\/2016\/05\/Chorosh_2_14-copy.jpg\" alt=\"Chorosh_2_14 copy\" width=\"1200\" height=\"795\" \/><\/a><\/p>\n<p>[\/vc_column_text]<\/p>","protected":false},"excerpt":{"rendered":"<p>[vc_column_text pb_margin_bottom=&#8220;no&#8220; pb_border_bottom=&#8220;no&#8220; width=&#8220;1\/3&#8243; el_position=&#8220;first&#8220;] Gabriela Prochazka &amp; Vlastimil \u0160enk\u00fd\u0159 CHOROSH Chorosh je origin\u00e1lne atmosf\u00e9rick\u00e9 svietidlo, ktor\u00e9 prin\u00e1\u0161a magick\u00fa atmosf\u00e9ru lesa do v\u00e1\u0161ho interi\u00e9ru. K\u00a0dispoz\u00edcii s\u00fa r\u00f4zne farebn\u00e9 varianty textiln\u00fdch k\u00e1blov. Svietiace huby sa teraz m\u00f4\u017eu rozr\u00e1sta\u0165 aj vo va\u0161ej sp\u00e1lni! Gabriela Prochazka: Mlad\u00e1 \u010desk\u00e1 vizu\u00e1lna umelky\u0148a, zn\u00e1ma predov\u0161etk\u00fdm sveteln\u00fdmi in\u0161tal\u00e1ciami, napr. pre Signal festival [&hellip;]<\/p>","protected":false},"author":5,"featured_media":0,"comment_status":"closed","ping_status":"closed","sticky":false,"template":"","format":"standard","meta":{"footnotes":""},"categories":[783,660],"tags":[667,767],"_links":{"self":[{"href":"https:\/\/www.bratislavadesignweek.sk\/en\/wp-json\/wp\/v2\/posts\/5785"}],"collection":[{"href":"https:\/\/www.bratislavadesignweek.sk\/en\/wp-json\/wp\/v2\/posts"}],"about":[{"href":"https:\/\/www.bratislavadesignweek.sk\/en\/wp-json\/wp\/v2\/types\/post"}],"author":[{"embeddable":true,"href":"https:\/\/www.bratislavadesignweek.sk\/en\/wp-json\/wp\/v2\/users\/5"}],"replies":[{"embeddable":true,"href":"https:\/\/www.bratislavadesignweek.sk\/en\/wp-json\/wp\/v2\/comments?post=5785"}],"version-history":[{"count":2,"href":"https:\/\/www.bratislavadesignweek.sk\/en\/wp-json\/wp\/v2\/posts\/5785\/revisions"}],"predecessor-version":[{"id":6417,"href":"https:\/\/www.bratislavadesignweek.sk\/en\/wp-json\/wp\/v2\/posts\/5785\/revisions\/6417"}],"wp:attachment":[{"href":"https:\/\/www.bratislavadesignweek.sk\/en\/wp-json\/wp\/v2\/media?parent=5785"}],"wp:term":[{"taxonomy":"category","embeddable":true,"href":"https:\/\/www.bratislavadesignweek.sk\/en\/wp-json\/wp\/v2\/categories?post=5785"},{"taxonomy":"post_tag","embeddable":true,"href":"https:\/\/www.bratislavadesignweek.sk\/en\/wp-json\/wp\/v2\/tags?post=5785"}],"curies":[{"name":"wp","href":"https:\/\/api.w.org\/{rel}","templated":true}]}}