{"id":5823,"date":"2016-05-19T13:30:58","date_gmt":"2016-05-19T12:30:58","guid":{"rendered":"http:\/\/www.bratislavadesignweek.sk\/?p=5823"},"modified":"2024-09-25T12:18:20","modified_gmt":"2024-09-25T10:18:20","slug":"jakub-straka-3","status":"publish","type":"post","link":"https:\/\/www.bratislavadesignweek.sk\/en\/jakub-straka-3\/","title":{"rendered":"Jakub Straka"},"content":{"rendered":"<p>[vc_column_text pb_margin_bottom=&#8220;no&#8220; pb_border_bottom=&#8220;no&#8220; width=&#8220;1\/2&#8243; el_position=&#8220;first&#8220;]<\/p>\n<p class=\"impact-text\">Jakub Straka<\/p>\n<p>\u201eM\u00f4\u017ee by\u0165 niekto praktickej\u0161\u00ed ako \u010dlovek, ktor\u00fd nem\u00e1 \u017eiadne statky, o ktor\u00e9 sa mus\u00ed b\u00e1\u0165? Mysl\u00edm si, \u017ee v\u010faka tomu, \u017ee \u017eijem zo d\u0148a na de\u0148 a nem\u00e1m \u017eiadny majetok, som vo\u013enej\u0161\u00ed ako vt\u00e1k.\u201d<\/p>\n<p style=\"text-align: right;\">Ladislav Medny\u00e1nszky<\/p>\n<p>&nbsp;<\/p>\n<p>Kolekciu odevov som vytvoril ako reakciu na \u017eivot m\u00f4jho star\u00e9ho otca Antona Han\u0161uta. Sna\u017eil som sa sk\u013abi\u0165 nes\u00farod\u00e9 prvky a referencie z\u00a0jeho \u017eivota do jednotn\u00e9ho celku. Zauj\u00edmam sa o\u00a0kontrasty v\u00a0spolo\u010denskom spr\u00e1van\u00ed \u010dloveka a\u00a0v\u00a0int\u00edmnom prostred\u00ed domova. Prepo\u017ei\u010diavam si prvky dom\u00e1ceho oble\u010denia a\u00a0aplikujem ich do nov\u00e9ho, sofistikovan\u00e9ho vzh\u013eadu. Reflektujem v\u00a0nich atmosf\u00e9ru a\u00a0farebnos\u0165 obrazov star\u00e9ho otca, ktor\u00e9 nikdy nevystavoval. To bolo pre m\u0148a impulzom posun\u00fa\u0165 jeho odkaz v\u00a0mojich odevoch.<\/p>\n<p>&nbsp;<\/p>\n<p>[\/vc_column_text] [vc_column_text pb_margin_bottom=&#8220;no&#8220; pb_border_bottom=&#8220;no&#8220; width=&#8220;1\/2&#8243; el_position=&#8220;last&#8220;]<\/p>\n<p><a href=\"http:\/\/www.bratislavadesignweek.sk\/wp-content\/uploads\/2016\/05\/Straka_BADW.jpg\" rel=\"attachment wp-att-6225\"><img fetchpriority=\"high\" decoding=\"async\" class=\"alignnone size-large wp-image-6225\" src=\"http:\/\/www.bratislavadesignweek.sk\/wp-content\/uploads\/2016\/05\/Straka_BADW-683x1024.jpg\" alt=\"Straka_BADW\" width=\"683\" height=\"1024\" \/><\/a><\/p>\n<p>[\/vc_column_text]<\/p>","protected":false},"excerpt":{"rendered":"<p>[vc_column_text pb_margin_bottom=&#8220;no&#8220; pb_border_bottom=&#8220;no&#8220; width=&#8220;1\/2&#8243; el_position=&#8220;first&#8220;] Jakub Straka \u201eM\u00f4\u017ee by\u0165 niekto praktickej\u0161\u00ed ako \u010dlovek, ktor\u00fd nem\u00e1 \u017eiadne statky, o ktor\u00e9 sa mus\u00ed b\u00e1\u0165? Mysl\u00edm si, \u017ee v\u010faka tomu, \u017ee \u017eijem zo d\u0148a na de\u0148 a nem\u00e1m \u017eiadny majetok, som vo\u013enej\u0161\u00ed ako vt\u00e1k.\u201d Ladislav Medny\u00e1nszky &nbsp; Kolekciu odevov som vytvoril ako reakciu na \u017eivot m\u00f4jho star\u00e9ho otca [&hellip;]<\/p>","protected":false},"author":5,"featured_media":0,"comment_status":"closed","ping_status":"closed","sticky":false,"template":"","format":"standard","meta":{"footnotes":""},"categories":[783,660],"tags":[668],"_links":{"self":[{"href":"https:\/\/www.bratislavadesignweek.sk\/en\/wp-json\/wp\/v2\/posts\/5823"}],"collection":[{"href":"https:\/\/www.bratislavadesignweek.sk\/en\/wp-json\/wp\/v2\/posts"}],"about":[{"href":"https:\/\/www.bratislavadesignweek.sk\/en\/wp-json\/wp\/v2\/types\/post"}],"author":[{"embeddable":true,"href":"https:\/\/www.bratislavadesignweek.sk\/en\/wp-json\/wp\/v2\/users\/5"}],"replies":[{"embeddable":true,"href":"https:\/\/www.bratislavadesignweek.sk\/en\/wp-json\/wp\/v2\/comments?post=5823"}],"version-history":[{"count":6,"href":"https:\/\/www.bratislavadesignweek.sk\/en\/wp-json\/wp\/v2\/posts\/5823\/revisions"}],"predecessor-version":[{"id":6229,"href":"https:\/\/www.bratislavadesignweek.sk\/en\/wp-json\/wp\/v2\/posts\/5823\/revisions\/6229"}],"wp:attachment":[{"href":"https:\/\/www.bratislavadesignweek.sk\/en\/wp-json\/wp\/v2\/media?parent=5823"}],"wp:term":[{"taxonomy":"category","embeddable":true,"href":"https:\/\/www.bratislavadesignweek.sk\/en\/wp-json\/wp\/v2\/categories?post=5823"},{"taxonomy":"post_tag","embeddable":true,"href":"https:\/\/www.bratislavadesignweek.sk\/en\/wp-json\/wp\/v2\/tags?post=5823"}],"curies":[{"name":"wp","href":"https:\/\/api.w.org\/{rel}","templated":true}]}}