{"id":5836,"date":"2016-05-19T13:47:14","date_gmt":"2016-05-19T12:47:14","guid":{"rendered":"http:\/\/www.bratislavadesignweek.sk\/?p=5836"},"modified":"2024-09-25T12:18:20","modified_gmt":"2024-09-25T10:18:20","slug":"martin-babic","status":"publish","type":"post","link":"https:\/\/www.bratislavadesignweek.sk\/en\/martin-babic\/","title":{"rendered":"Martin Babic"},"content":{"rendered":"<p>[vc_column_text pb_margin_bottom=&#8220;no&#8220; pb_border_bottom=&#8220;no&#8220; width=&#8220;1\/3&#8243; el_position=&#8220;first&#8220;]<\/p>\n<p class=\"impact-text\">Martin Babic \/ Bl\u00e4ckfisk<\/p>\n<p>Interi\u00e9rov\u00e9 doplnky a lampy Bl\u00e4cfisk s\u00fa autorskou kolekciou \u00fa\u017eitkov\u00fdch predmetov vyroben\u00fdch z bet\u00f3nu a doplnen\u00fdch o dreven\u00e9 \u010dasti. Objekty vyu\u017e\u00edvaj\u00fa potenci\u00e1l materi\u00e1lu, v\u010faka ktor\u00e9mu balansuj\u00fa na hrane \u00fa\u017eitkovosti a dekorat\u00edvnosti. Poh\u013eadov\u00fd bet\u00f3n je dnes fenom\u00e9n, ktor\u00fd sa v architekt\u00fare vyu\u017e\u00edva \u010doraz \u010dastej\u0161ie. Svojim sp\u00f4sobom kolekcia nadv\u00e4zuje na tieto tendencie, z\u00e1rove\u0148 pos\u00fava materi\u00e1l z ve\u013ek\u00fdch blokov do tenk\u00fdch foriem, navrhovan\u00fdch s prihliadnut\u00edm na v\u00e1hu \u010di pevnos\u0165 v\u00fdsledn\u00e9ho produktu. Kombin\u00e1ciou dreva a bet\u00f3nu objekty reflektuj\u00fa \u0161kandin\u00e1vsku architekt\u00faru, p\u00f4sobiacu napriek seversk\u00e9mu podnebiu pr\u00edjemne a\u00a0\u00fatulne.<\/p>\n<p>[button colour=&#8220;grey&#8220; type=&#8220;0&#8243; size=&#8220;small&#8220; link=&#8220;http:\/\/www.martinbabic.sk&#8220; target=&#8220;_self&#8220;]www.martinbabic.sk[\/button]<\/p>\n<p>[\/vc_column_text] [vc_column_text pb_margin_bottom=&#8220;no&#8220; pb_border_bottom=&#8220;no&#8220; width=&#8220;1\/2&#8243; el_position=&#8220;last&#8220;]<\/p>\n<p><a href=\"http:\/\/www.bratislavadesignweek.sk\/wp-content\/uploads\/2016\/05\/lamp.jpg\" rel=\"attachment wp-att-5837\"><img fetchpriority=\"high\" decoding=\"async\" class=\"alignnone size-large wp-image-5837\" src=\"http:\/\/www.bratislavadesignweek.sk\/wp-content\/uploads\/2016\/05\/lamp-719x1024.jpg\" alt=\"lamp\" width=\"719\" height=\"1024\" \/><\/a><\/p>\n<p>[\/vc_column_text]<\/p>","protected":false},"excerpt":{"rendered":"<p>[vc_column_text pb_margin_bottom=&#8220;no&#8220; pb_border_bottom=&#8220;no&#8220; width=&#8220;1\/3&#8243; el_position=&#8220;first&#8220;] Martin Babic \/ Bl\u00e4ckfisk Interi\u00e9rov\u00e9 doplnky a lampy Bl\u00e4cfisk s\u00fa autorskou kolekciou \u00fa\u017eitkov\u00fdch predmetov vyroben\u00fdch z bet\u00f3nu a doplnen\u00fdch o dreven\u00e9 \u010dasti. Objekty vyu\u017e\u00edvaj\u00fa potenci\u00e1l materi\u00e1lu, v\u010faka ktor\u00e9mu balansuj\u00fa na hrane \u00fa\u017eitkovosti a dekorat\u00edvnosti. Poh\u013eadov\u00fd bet\u00f3n je dnes fenom\u00e9n, ktor\u00fd sa v architekt\u00fare vyu\u017e\u00edva \u010doraz \u010dastej\u0161ie. Svojim sp\u00f4sobom kolekcia nadv\u00e4zuje [&hellip;]<\/p>","protected":false},"author":5,"featured_media":0,"comment_status":"closed","ping_status":"closed","sticky":false,"template":"","format":"standard","meta":{"footnotes":""},"categories":[783,660],"tags":[673,672],"_links":{"self":[{"href":"https:\/\/www.bratislavadesignweek.sk\/en\/wp-json\/wp\/v2\/posts\/5836"}],"collection":[{"href":"https:\/\/www.bratislavadesignweek.sk\/en\/wp-json\/wp\/v2\/posts"}],"about":[{"href":"https:\/\/www.bratislavadesignweek.sk\/en\/wp-json\/wp\/v2\/types\/post"}],"author":[{"embeddable":true,"href":"https:\/\/www.bratislavadesignweek.sk\/en\/wp-json\/wp\/v2\/users\/5"}],"replies":[{"embeddable":true,"href":"https:\/\/www.bratislavadesignweek.sk\/en\/wp-json\/wp\/v2\/comments?post=5836"}],"version-history":[{"count":1,"href":"https:\/\/www.bratislavadesignweek.sk\/en\/wp-json\/wp\/v2\/posts\/5836\/revisions"}],"predecessor-version":[{"id":5838,"href":"https:\/\/www.bratislavadesignweek.sk\/en\/wp-json\/wp\/v2\/posts\/5836\/revisions\/5838"}],"wp:attachment":[{"href":"https:\/\/www.bratislavadesignweek.sk\/en\/wp-json\/wp\/v2\/media?parent=5836"}],"wp:term":[{"taxonomy":"category","embeddable":true,"href":"https:\/\/www.bratislavadesignweek.sk\/en\/wp-json\/wp\/v2\/categories?post=5836"},{"taxonomy":"post_tag","embeddable":true,"href":"https:\/\/www.bratislavadesignweek.sk\/en\/wp-json\/wp\/v2\/tags?post=5836"}],"curies":[{"name":"wp","href":"https:\/\/api.w.org\/{rel}","templated":true}]}}