{"id":5863,"date":"2016-05-19T16:04:45","date_gmt":"2016-05-19T15:04:45","guid":{"rendered":"http:\/\/www.bratislavadesignweek.sk\/?p=5863"},"modified":"2024-09-25T12:18:20","modified_gmt":"2024-09-25T10:18:20","slug":"villo-design","status":"publish","type":"post","link":"https:\/\/www.bratislavadesignweek.sk\/en\/villo-design\/","title":{"rendered":"Villo Design"},"content":{"rendered":"<p>[vc_column_text pb_margin_bottom=&#8220;no&#8220; pb_border_bottom=&#8220;no&#8220; width=&#8220;1\/3&#8243; el_position=&#8220;first&#8220;]<\/p>\n<p class=\"impact-text\">Villo Design<\/p>\n<p>Villo Design predstav\u00ed v novej kolekcii svoj poh\u013ead na n\u00e1bytok, ktor\u00fd okrem multifunk\u010dn\u00e9ho vyu\u017eitia prin\u00e1\u0161a do detsk\u00fdch izieb hravos\u0165. Tak\u00fdm kusom je sklada\u010dka KUKO. Od kol\u00edsky pre b\u00e1b\u00e4tk\u00e1 vo svojich \u00f4smich podob\u00e1ch vyrastie s die\u0165a\u0165om a\u017e po p\u00edsac\u00ed st\u00f4l pre dospel\u00fdch. Zvieratk\u00e1 z kateg\u00f3rie &#8222;softies&#8220; \u00a0spestria priestor a pon\u00faknu alternat\u00edvu dynamick\u00e9mu sedeniu.<\/p>\n<p>[button colour=&#8220;grey&#8220; type=&#8220;0&#8243; size=&#8220;small&#8220; link=&#8220;http:\/\/www.villo.in\/&#8220; target=&#8220;_self&#8220;]www.villo.in[\/button]<\/p>\n<p>[\/vc_column_text] [vc_column_text pb_margin_bottom=&#8220;no&#8220; pb_border_bottom=&#8220;no&#8220; width=&#8220;1\/2&#8243; el_position=&#8220;last&#8220;]<\/p>\n<p><a href=\"http:\/\/www.bratislavadesignweek.sk\/wp-content\/uploads\/2016\/05\/Villo-Design_KUKO.jpg\" rel=\"attachment wp-att-5867\"><img fetchpriority=\"high\" decoding=\"async\" class=\"alignnone size-large wp-image-5867\" src=\"http:\/\/www.bratislavadesignweek.sk\/wp-content\/uploads\/2016\/05\/Villo-Design_KUKO-1024x662.jpg\" alt=\"Villo Design_KUKO\" width=\"1024\" height=\"662\" \/><\/a><\/p>\n<p>[\/vc_column_text]<\/p>","protected":false},"excerpt":{"rendered":"<p>[vc_column_text pb_margin_bottom=&#8220;no&#8220; pb_border_bottom=&#8220;no&#8220; width=&#8220;1\/3&#8243; el_position=&#8220;first&#8220;] Villo Design Villo Design predstav\u00ed v novej kolekcii svoj poh\u013ead na n\u00e1bytok, ktor\u00fd okrem multifunk\u010dn\u00e9ho vyu\u017eitia prin\u00e1\u0161a do detsk\u00fdch izieb hravos\u0165. Tak\u00fdm kusom je sklada\u010dka KUKO. Od kol\u00edsky pre b\u00e1b\u00e4tk\u00e1 vo svojich \u00f4smich podob\u00e1ch vyrastie s die\u0165a\u0165om a\u017e po p\u00edsac\u00ed st\u00f4l pre dospel\u00fdch. Zvieratk\u00e1 z kateg\u00f3rie &#8222;softies&#8220; \u00a0spestria priestor a [&hellip;]<\/p>","protected":false},"author":5,"featured_media":0,"comment_status":"closed","ping_status":"closed","sticky":false,"template":"","format":"standard","meta":{"footnotes":""},"categories":[783,660],"tags":[678],"_links":{"self":[{"href":"https:\/\/www.bratislavadesignweek.sk\/en\/wp-json\/wp\/v2\/posts\/5863"}],"collection":[{"href":"https:\/\/www.bratislavadesignweek.sk\/en\/wp-json\/wp\/v2\/posts"}],"about":[{"href":"https:\/\/www.bratislavadesignweek.sk\/en\/wp-json\/wp\/v2\/types\/post"}],"author":[{"embeddable":true,"href":"https:\/\/www.bratislavadesignweek.sk\/en\/wp-json\/wp\/v2\/users\/5"}],"replies":[{"embeddable":true,"href":"https:\/\/www.bratislavadesignweek.sk\/en\/wp-json\/wp\/v2\/comments?post=5863"}],"version-history":[{"count":3,"href":"https:\/\/www.bratislavadesignweek.sk\/en\/wp-json\/wp\/v2\/posts\/5863\/revisions"}],"predecessor-version":[{"id":5871,"href":"https:\/\/www.bratislavadesignweek.sk\/en\/wp-json\/wp\/v2\/posts\/5863\/revisions\/5871"}],"wp:attachment":[{"href":"https:\/\/www.bratislavadesignweek.sk\/en\/wp-json\/wp\/v2\/media?parent=5863"}],"wp:term":[{"taxonomy":"category","embeddable":true,"href":"https:\/\/www.bratislavadesignweek.sk\/en\/wp-json\/wp\/v2\/categories?post=5863"},{"taxonomy":"post_tag","embeddable":true,"href":"https:\/\/www.bratislavadesignweek.sk\/en\/wp-json\/wp\/v2\/tags?post=5863"}],"curies":[{"name":"wp","href":"https:\/\/api.w.org\/{rel}","templated":true}]}}