{"id":5876,"date":"2016-05-19T16:25:48","date_gmt":"2016-05-19T15:25:48","guid":{"rendered":"http:\/\/www.bratislavadesignweek.sk\/?p=5876"},"modified":"2024-09-25T12:18:20","modified_gmt":"2024-09-25T10:18:20","slug":"stehlik-design-3","status":"publish","type":"post","link":"https:\/\/www.bratislavadesignweek.sk\/en\/stehlik-design-3\/","title":{"rendered":"Stehl\u00edk design"},"content":{"rendered":"<p>[vc_column_text pb_margin_bottom=&#8220;no&#8220; pb_border_bottom=&#8220;no&#8220; width=&#8220;1\/3&#8243; el_position=&#8220;first&#8220;]<\/p>\n<p class=\"impact-text\">Stehl\u00edk design<\/p>\n<p>Pod zna\u010dkou Stehl\u00edk design se skr\u00fdva rodinn\u00e1 firma, ktor\u00e1 sa zaober\u00e1 preva\u017ene tvorbou porcel\u00e1nov\u00fdch \u0161perkov, ale aj bytov\u00fdch doplnkov a \u00fa\u017eitkov\u00fdch predmetov. U\u017e dlhodobo sa venujeme t\u00e9me origami, vych\u00e1dzaj\u00facej z japonsk\u00e9ho umenia skladania papiera, ktor\u00e9 prev\u00e1dzame do porcel\u00e1nov\u00fdch \u0161perkov. Db\u00e1me hlavne na \u010distotu tvaru a ostros\u0165 detailu. Ako \u00fapln\u00fa novinku ale predstavujeme m\u00f3dny doplnok pre p\u00e1nov \u2013 Porcel\u00e1nov\u00e9ho mot\u00fdlika.<\/p>\n<p>[button colour=&#8220;grey&#8220; type=&#8220;0&#8243; size=&#8220;small&#8220; link=&#8220;https:\/\/www.facebook.com\/stehlikdesign\/&#8220; target=&#8220;_self&#8220;]www.facebook.com\/stehlikdesign[\/button]<\/p>\n<p>[\/vc_column_text] [vc_column_text pb_margin_bottom=&#8220;no&#8220; pb_border_bottom=&#8220;no&#8220; width=&#8220;1\/2&#8243; el_position=&#8220;last&#8220;]<\/p>\n<p><a href=\"http:\/\/www.bratislavadesignweek.sk\/wp-content\/uploads\/2016\/05\/DSCF1129-26.jpg\" rel=\"attachment wp-att-5859\"><img fetchpriority=\"high\" decoding=\"async\" class=\"alignnone size-large wp-image-5859\" src=\"http:\/\/www.bratislavadesignweek.sk\/wp-content\/uploads\/2016\/05\/DSCF1129-26-1024x683.jpg\" alt=\"DSCF1129-26\" width=\"1024\" height=\"683\" \/><\/a><\/p>\n<p>[\/vc_column_text]<\/p>","protected":false},"excerpt":{"rendered":"<p>[vc_column_text pb_margin_bottom=&#8220;no&#8220; pb_border_bottom=&#8220;no&#8220; width=&#8220;1\/3&#8243; el_position=&#8220;first&#8220;] Stehl\u00edk design Pod zna\u010dkou Stehl\u00edk design se skr\u00fdva rodinn\u00e1 firma, ktor\u00e1 sa zaober\u00e1 preva\u017ene tvorbou porcel\u00e1nov\u00fdch \u0161perkov, ale aj bytov\u00fdch doplnkov a \u00fa\u017eitkov\u00fdch predmetov. U\u017e dlhodobo sa venujeme t\u00e9me origami, vych\u00e1dzaj\u00facej z japonsk\u00e9ho umenia skladania papiera, ktor\u00e9 prev\u00e1dzame do porcel\u00e1nov\u00fdch \u0161perkov. Db\u00e1me hlavne na \u010distotu tvaru a ostros\u0165 detailu. Ako [&hellip;]<\/p>","protected":false},"author":5,"featured_media":0,"comment_status":"closed","ping_status":"closed","sticky":false,"template":"","format":"standard","meta":{"footnotes":""},"categories":[783,660],"tags":[677],"_links":{"self":[{"href":"https:\/\/www.bratislavadesignweek.sk\/en\/wp-json\/wp\/v2\/posts\/5876"}],"collection":[{"href":"https:\/\/www.bratislavadesignweek.sk\/en\/wp-json\/wp\/v2\/posts"}],"about":[{"href":"https:\/\/www.bratislavadesignweek.sk\/en\/wp-json\/wp\/v2\/types\/post"}],"author":[{"embeddable":true,"href":"https:\/\/www.bratislavadesignweek.sk\/en\/wp-json\/wp\/v2\/users\/5"}],"replies":[{"embeddable":true,"href":"https:\/\/www.bratislavadesignweek.sk\/en\/wp-json\/wp\/v2\/comments?post=5876"}],"version-history":[{"count":1,"href":"https:\/\/www.bratislavadesignweek.sk\/en\/wp-json\/wp\/v2\/posts\/5876\/revisions"}],"predecessor-version":[{"id":5877,"href":"https:\/\/www.bratislavadesignweek.sk\/en\/wp-json\/wp\/v2\/posts\/5876\/revisions\/5877"}],"wp:attachment":[{"href":"https:\/\/www.bratislavadesignweek.sk\/en\/wp-json\/wp\/v2\/media?parent=5876"}],"wp:term":[{"taxonomy":"category","embeddable":true,"href":"https:\/\/www.bratislavadesignweek.sk\/en\/wp-json\/wp\/v2\/categories?post=5876"},{"taxonomy":"post_tag","embeddable":true,"href":"https:\/\/www.bratislavadesignweek.sk\/en\/wp-json\/wp\/v2\/tags?post=5876"}],"curies":[{"name":"wp","href":"https:\/\/api.w.org\/{rel}","templated":true}]}}