{"id":5885,"date":"2016-05-19T16:38:49","date_gmt":"2016-05-19T15:38:49","guid":{"rendered":"http:\/\/www.bratislavadesignweek.sk\/?p=5885"},"modified":"2024-09-25T12:18:19","modified_gmt":"2024-09-25T10:18:19","slug":"allt","status":"publish","type":"post","link":"https:\/\/www.bratislavadesignweek.sk\/en\/allt\/","title":{"rendered":"ALLT"},"content":{"rendered":"<p>[vc_column_text pb_margin_bottom=&#8220;no&#8220; pb_border_bottom=&#8220;no&#8220; width=&#8220;1\/3&#8243; el_position=&#8220;first&#8220;]<\/p>\n<p class=\"impact-text\">ALLT<\/p>\n<p class=\"impact-text\">ARC side table<\/p>\n<p>Architekt\u00faru a jej slohy ako in\u0161pir\u00e1ciu pre ARC vn\u00edmame cez materi\u00e1l. Kame\u0148 (v minulosti i\u00a0s\u00fa\u010dasnosti) je zauj\u00edmav\u00fd vizualitou \u0161trukt\u00fary, pevnos\u0165ou a dostupnos\u0165ou. Napriek tomu je to v\u017edy snaha o od\u013eah\u010denie tohto materi\u00e1lu, ktor\u00e1 charakterizuje posun vpred. My sme mali k dispoz\u00edcii ekvivalent v podobe umel\u00e9ho kame\u0148a HI-MACS\u00ae, s ktor\u00fdm sme pracovali na vytvoren\u00ed objektov zalo\u017een\u00fdch na tvarovan\u00ed a objemovej minimaliz\u00e1cii pri plnen\u00ed funkcie. Produkt vznikol v spolupr\u00e1ci s Polytrade CE.<\/p>\n<p>[button colour=&#8220;grey&#8220; type=&#8220;0&#8243; size=&#8220;small&#8220; link=&#8220;http:\/\/www.allt.sk&#8220; target=&#8220;_self&#8220;]www.allt.sk[\/button]<\/p>\n<p>[\/vc_column_text] [vc_column_text pb_margin_bottom=&#8220;no&#8220; pb_border_bottom=&#8220;no&#8220; width=&#8220;1\/2&#8243; el_position=&#8220;last&#8220;]<\/p>\n<p><a href=\"http:\/\/www.bratislavadesignweek.sk\/wp-content\/uploads\/2016\/05\/ALLT-ARC-011.jpg\" rel=\"attachment wp-att-5886\"><img fetchpriority=\"high\" decoding=\"async\" class=\"alignnone size-large wp-image-5886\" src=\"http:\/\/www.bratislavadesignweek.sk\/wp-content\/uploads\/2016\/05\/ALLT-ARC-011-1024x680.jpg\" alt=\"ALLT-ARC-011\" width=\"1024\" height=\"680\" \/><\/a><\/p>\n<p>[\/vc_column_text]<\/p>","protected":false},"excerpt":{"rendered":"<p>[vc_column_text pb_margin_bottom=&#8220;no&#8220; pb_border_bottom=&#8220;no&#8220; width=&#8220;1\/3&#8243; el_position=&#8220;first&#8220;] ALLT ARC side table Architekt\u00faru a jej slohy ako in\u0161pir\u00e1ciu pre ARC vn\u00edmame cez materi\u00e1l. Kame\u0148 (v minulosti i\u00a0s\u00fa\u010dasnosti) je zauj\u00edmav\u00fd vizualitou \u0161trukt\u00fary, pevnos\u0165ou a dostupnos\u0165ou. Napriek tomu je to v\u017edy snaha o od\u013eah\u010denie tohto materi\u00e1lu, ktor\u00e1 charakterizuje posun vpred. My sme mali k dispoz\u00edcii ekvivalent v podobe umel\u00e9ho kame\u0148a [&hellip;]<\/p>","protected":false},"author":5,"featured_media":0,"comment_status":"closed","ping_status":"closed","sticky":false,"template":"","format":"standard","meta":{"footnotes":""},"categories":[783,660],"tags":[682,683],"_links":{"self":[{"href":"https:\/\/www.bratislavadesignweek.sk\/en\/wp-json\/wp\/v2\/posts\/5885"}],"collection":[{"href":"https:\/\/www.bratislavadesignweek.sk\/en\/wp-json\/wp\/v2\/posts"}],"about":[{"href":"https:\/\/www.bratislavadesignweek.sk\/en\/wp-json\/wp\/v2\/types\/post"}],"author":[{"embeddable":true,"href":"https:\/\/www.bratislavadesignweek.sk\/en\/wp-json\/wp\/v2\/users\/5"}],"replies":[{"embeddable":true,"href":"https:\/\/www.bratislavadesignweek.sk\/en\/wp-json\/wp\/v2\/comments?post=5885"}],"version-history":[{"count":1,"href":"https:\/\/www.bratislavadesignweek.sk\/en\/wp-json\/wp\/v2\/posts\/5885\/revisions"}],"predecessor-version":[{"id":5887,"href":"https:\/\/www.bratislavadesignweek.sk\/en\/wp-json\/wp\/v2\/posts\/5885\/revisions\/5887"}],"wp:attachment":[{"href":"https:\/\/www.bratislavadesignweek.sk\/en\/wp-json\/wp\/v2\/media?parent=5885"}],"wp:term":[{"taxonomy":"category","embeddable":true,"href":"https:\/\/www.bratislavadesignweek.sk\/en\/wp-json\/wp\/v2\/categories?post=5885"},{"taxonomy":"post_tag","embeddable":true,"href":"https:\/\/www.bratislavadesignweek.sk\/en\/wp-json\/wp\/v2\/tags?post=5885"}],"curies":[{"name":"wp","href":"https:\/\/api.w.org\/{rel}","templated":true}]}}