{"id":5897,"date":"2016-05-19T16:55:25","date_gmt":"2016-05-19T15:55:25","guid":{"rendered":"http:\/\/www.bratislavadesignweek.sk\/?p=5897"},"modified":"2024-09-25T12:18:19","modified_gmt":"2024-09-25T10:18:19","slug":"galeria-cin-cin-3","status":"publish","type":"post","link":"https:\/\/www.bratislavadesignweek.sk\/en\/galeria-cin-cin-3\/","title":{"rendered":"Gallery \u010cin \u010cin"},"content":{"rendered":"<p>[vc_column_text pb_margin_bottom=&#8220;no&#8220; pb_border_bottom=&#8220;no&#8220; width=&#8220;1\/2&#8243; el_position=&#8220;first&#8220;]<\/p>\n<p class=\"impact-text\">Gallery \u010cin \u010cin<\/p>\n<p class=\"impact-text\">Jana Machatov\u00e1 \/ Peter Machata<\/p>\n<p>Svoju aktu\u00e1lnu \u0161perk\u00e1rsku tvorbu uv\u00e1dzaj\u00fa v Gal\u00e9rii \u010cin \u010cin. Je to \u0161perk\u00e1rka Jana Machatov\u00e1 a soch\u00e1r\/\u0161perk\u00e1r Peter Machata. Priv\u00e1tne i verejn\u00e9, nostalgick\u00e9 i anga\u017eovan\u00e9, defiluje v narat\u00edvnych foto-\u0161perk\u00e1rskych kompoz\u00edci\u00e1ch Jany Machatovej. Na\u010falej sleduje ako \u00fastredn\u00fa t\u00e9mu pam\u00e4\u0165 \u2013 rozv\u00edjaj\u00fac ju prostredn\u00edctvom vlastn\u00e9ho pr\u00edbehu a koment\u00e1rmi s kritick\u00fdm podtextom. Peter Machata otv\u00e1ra tentoraz \u010fal\u0161iu priv\u00e1tnu sf\u00e9ru \u2013 man\u017eelstvo. Jej znak \u2013 obr\u00fa\u010dku \u2013 artikuluje cez priame spojenie s telom. Ako odliatky prstov, spojen\u00fdch v man\u017eelsk\u00fdch \u201cschr\u00e1nkach\u201d i rozdelen\u00fdch ako svojsk\u00e9 relikvie\/relikvi\u00e1re.<\/p>\n<p>[button colour=&#8220;grey&#8220; type=&#8220;0&#8243; size=&#8220;small&#8220; link=&#8220;http:\/\/www.galeriacincin.sk&#8220; target=&#8220;_self&#8220;]www.galeriacincin.sk[\/button]<\/p>\n<p>[\/vc_column_text] [vc_column_text pb_margin_bottom=&#8220;no&#8220; pb_border_bottom=&#8220;no&#8220; width=&#8220;1\/2&#8243; el_position=&#8220;last&#8220;]<\/p>\n<p><a href=\"http:\/\/www.bratislavadesignweek.sk\/wp-content\/uploads\/2016\/05\/12.jpg\" rel=\"attachment wp-att-5892\"><img fetchpriority=\"high\" decoding=\"async\" class=\"alignnone size-large wp-image-5892\" src=\"http:\/\/www.bratislavadesignweek.sk\/wp-content\/uploads\/2016\/05\/12-683x1024.jpg\" alt=\"12\" width=\"683\" height=\"1024\" \/><\/a><\/p>\n<p><a href=\"http:\/\/www.bratislavadesignweek.sk\/wp-content\/uploads\/2016\/05\/10-1.jpg\" rel=\"attachment wp-att-5893\"><img decoding=\"async\" class=\"alignnone size-large wp-image-5893\" src=\"http:\/\/www.bratislavadesignweek.sk\/wp-content\/uploads\/2016\/05\/10-1-1024x683.jpg\" alt=\"10\" width=\"1024\" height=\"683\" srcset=\"https:\/\/www.bratislavadesignweek.sk\/wp-content\/uploads\/2016\/05\/10-1-1024x683.jpg 1024w, https:\/\/www.bratislavadesignweek.sk\/wp-content\/uploads\/2016\/05\/10-1-300x200.jpg 300w, https:\/\/www.bratislavadesignweek.sk\/wp-content\/uploads\/2016\/05\/10-1-768x512.jpg 768w, https:\/\/www.bratislavadesignweek.sk\/wp-content\/uploads\/2016\/05\/10-1.jpg 1200w\" sizes=\"(max-width: 1024px) 100vw, 1024px\" \/><\/a><\/p>\n<p>[\/vc_column_text]<\/p>","protected":false},"excerpt":{"rendered":"<p>[vc_column_text pb_margin_bottom=&#8220;no&#8220; pb_border_bottom=&#8220;no&#8220; width=&#8220;1\/2&#8243; el_position=&#8220;first&#8220;] Gal\u00e9ria \u010cin \u010cin Jana Machatov\u00e1 \/ Peter Machata Svoju aktu\u00e1lnu \u0161perk\u00e1rsku tvorbu uv\u00e1dzaj\u00fa v Gal\u00e9rii \u010cin \u010cin. Je to \u0161perk\u00e1rka Jana Machatov\u00e1 a soch\u00e1r\/\u0161perk\u00e1r Peter Machata. Priv\u00e1tne i verejn\u00e9, nostalgick\u00e9 i anga\u017eovan\u00e9, defiluje v narat\u00edvnych foto-\u0161perk\u00e1rskych kompoz\u00edci\u00e1ch Jany Machatovej. Na\u010falej sleduje ako \u00fastredn\u00fa t\u00e9mu pam\u00e4\u0165 \u2013 rozv\u00edjaj\u00fac ju prostredn\u00edctvom vlastn\u00e9ho [&hellip;]<\/p>","protected":false},"author":5,"featured_media":0,"comment_status":"closed","ping_status":"closed","sticky":false,"template":"","format":"standard","meta":{"footnotes":""},"categories":[783,659],"tags":[399,684],"_links":{"self":[{"href":"https:\/\/www.bratislavadesignweek.sk\/en\/wp-json\/wp\/v2\/posts\/5897"}],"collection":[{"href":"https:\/\/www.bratislavadesignweek.sk\/en\/wp-json\/wp\/v2\/posts"}],"about":[{"href":"https:\/\/www.bratislavadesignweek.sk\/en\/wp-json\/wp\/v2\/types\/post"}],"author":[{"embeddable":true,"href":"https:\/\/www.bratislavadesignweek.sk\/en\/wp-json\/wp\/v2\/users\/5"}],"replies":[{"embeddable":true,"href":"https:\/\/www.bratislavadesignweek.sk\/en\/wp-json\/wp\/v2\/comments?post=5897"}],"version-history":[{"count":2,"href":"https:\/\/www.bratislavadesignweek.sk\/en\/wp-json\/wp\/v2\/posts\/5897\/revisions"}],"predecessor-version":[{"id":6282,"href":"https:\/\/www.bratislavadesignweek.sk\/en\/wp-json\/wp\/v2\/posts\/5897\/revisions\/6282"}],"wp:attachment":[{"href":"https:\/\/www.bratislavadesignweek.sk\/en\/wp-json\/wp\/v2\/media?parent=5897"}],"wp:term":[{"taxonomy":"category","embeddable":true,"href":"https:\/\/www.bratislavadesignweek.sk\/en\/wp-json\/wp\/v2\/categories?post=5897"},{"taxonomy":"post_tag","embeddable":true,"href":"https:\/\/www.bratislavadesignweek.sk\/en\/wp-json\/wp\/v2\/tags?post=5897"}],"curies":[{"name":"wp","href":"https:\/\/api.w.org\/{rel}","templated":true}]}}