{"id":5901,"date":"2016-05-19T17:03:19","date_gmt":"2016-05-19T16:03:19","guid":{"rendered":"http:\/\/www.bratislavadesignweek.sk\/?p=5901"},"modified":"2024-09-25T12:18:19","modified_gmt":"2024-09-25T10:18:19","slug":"dizajn-studio-uluv-3","status":"publish","type":"post","link":"https:\/\/www.bratislavadesignweek.sk\/en\/dizajn-studio-uluv-3\/","title":{"rendered":"Design studio \u00da\u013dUV"},"content":{"rendered":"<p>[vc_column_text pb_margin_bottom=&#8220;no&#8220; pb_border_bottom=&#8220;no&#8220; width=&#8220;1\/3&#8243; el_position=&#8220;first&#8220;]<\/p>\n<p class=\"impact-text\">Design studio \u00da\u013dUV<\/p>\n<p class=\"impact-text\">Michal Hanula \/ Miroslav Ml\u00e1denek \/ Tibor Uhr\u00edn<\/p>\n<p>V\u00fdstava dizajn\u00e9rov Michala Hanulu, Miroslava Ml\u00e1deneka a Tibora Uhr\u00edna zaznamen\u00e1va aktu\u00e1lnu tvorbu trojice v\u00fdrazn\u00fdch osobnost\u00ed, ktor\u00fdch sp\u00e1ja drevo ako podstatn\u00fd prvok tvorby a syntetick\u00e9, otvoren\u00e9 a progres\u00edvne nazeranie na tento adorovan\u00fd i zazn\u00e1van\u00fd materi\u00e1l. Akceptuj\u00face a s rozmyslom rozv\u00edjaj\u00face jeho povahu a n\u00e1boj \u2013 bez sentimentu, s vedom\u00edm jeho minulej i bud\u00facej relevantnosti.Pr\u00e1ve ich pr\u00edstup formoval smerovanie slovensk\u00e9ho remeseln\u00e9ho dizajnu (najm\u00e4) v dreve po roku 2000 a priniesol do tejto sf\u00e9ry nov\u00fa energiu a sebavedomie.<\/p>\n<p>[button colour=&#8220;grey&#8220; type=&#8220;0&#8243; size=&#8220;small&#8220; link=&#8220;http:\/\/www.uluv.sk&#8220; target=&#8220;_self&#8220;]www.uluv.sk[\/button]<\/p>\n<p>[\/vc_column_text] [vc_column_text pb_margin_bottom=&#8220;no&#8220; pb_border_bottom=&#8220;no&#8220; width=&#8220;1\/2&#8243; el_position=&#8220;last&#8220;]<\/p>\n<p><a href=\"http:\/\/www.bratislavadesignweek.sk\/wp-content\/uploads\/2016\/05\/fosiliaIII.jpg\" rel=\"attachment wp-att-5902\"><img fetchpriority=\"high\" decoding=\"async\" class=\"alignnone size-large wp-image-5902\" src=\"http:\/\/www.bratislavadesignweek.sk\/wp-content\/uploads\/2016\/05\/fosiliaIII-690x1024.jpg\" alt=\"fosiliaIII\" width=\"690\" height=\"1024\" \/><\/a><\/p>\n<p><a href=\"http:\/\/www.bratislavadesignweek.sk\/wp-content\/uploads\/2016\/05\/Hanula_foto_Peter-Simon\u00b0k.jpg\" rel=\"attachment wp-att-5906\"><img decoding=\"async\" class=\"alignnone size-full wp-image-5906\" src=\"http:\/\/www.bratislavadesignweek.sk\/wp-content\/uploads\/2016\/05\/Hanula_foto_Peter-Simon\u00b0k.jpg\" alt=\"Hanula_foto_Peter Simon\u00b0k\" width=\"1000\" height=\"664\" srcset=\"https:\/\/www.bratislavadesignweek.sk\/wp-content\/uploads\/2016\/05\/Hanula_foto_Peter-Simon\u00b0k.jpg 1000w, https:\/\/www.bratislavadesignweek.sk\/wp-content\/uploads\/2016\/05\/Hanula_foto_Peter-Simon\u00b0k-300x199.jpg 300w, https:\/\/www.bratislavadesignweek.sk\/wp-content\/uploads\/2016\/05\/Hanula_foto_Peter-Simon\u00b0k-768x510.jpg 768w\" sizes=\"(max-width: 1000px) 100vw, 1000px\" \/><\/a><\/p>\n<p>[\/vc_column_text]<\/p>","protected":false},"excerpt":{"rendered":"<p>[vc_column_text pb_margin_bottom=&#8220;no&#8220; pb_border_bottom=&#8220;no&#8220; width=&#8220;1\/3&#8243; el_position=&#8220;first&#8220;] Dizajn \u0161t\u00fadio \u00da\u013dUV Michal Hanula \/ Miroslav Ml\u00e1denek \/ Tibor Uhr\u00edn V\u00fdstava dizajn\u00e9rov Michala Hanulu, Miroslava Ml\u00e1deneka a Tibora Uhr\u00edna zaznamen\u00e1va aktu\u00e1lnu tvorbu trojice v\u00fdrazn\u00fdch osobnost\u00ed, ktor\u00fdch sp\u00e1ja drevo ako podstatn\u00fd prvok tvorby a syntetick\u00e9, otvoren\u00e9 a progres\u00edvne nazeranie na tento adorovan\u00fd i zazn\u00e1van\u00fd materi\u00e1l. Akceptuj\u00face a s rozmyslom rozv\u00edjaj\u00face [&hellip;]<\/p>","protected":false},"author":5,"featured_media":0,"comment_status":"closed","ping_status":"closed","sticky":false,"template":"","format":"standard","meta":{"footnotes":""},"categories":[783,659],"tags":[176,156,686,687,688],"_links":{"self":[{"href":"https:\/\/www.bratislavadesignweek.sk\/en\/wp-json\/wp\/v2\/posts\/5901"}],"collection":[{"href":"https:\/\/www.bratislavadesignweek.sk\/en\/wp-json\/wp\/v2\/posts"}],"about":[{"href":"https:\/\/www.bratislavadesignweek.sk\/en\/wp-json\/wp\/v2\/types\/post"}],"author":[{"embeddable":true,"href":"https:\/\/www.bratislavadesignweek.sk\/en\/wp-json\/wp\/v2\/users\/5"}],"replies":[{"embeddable":true,"href":"https:\/\/www.bratislavadesignweek.sk\/en\/wp-json\/wp\/v2\/comments?post=5901"}],"version-history":[{"count":3,"href":"https:\/\/www.bratislavadesignweek.sk\/en\/wp-json\/wp\/v2\/posts\/5901\/revisions"}],"predecessor-version":[{"id":5910,"href":"https:\/\/www.bratislavadesignweek.sk\/en\/wp-json\/wp\/v2\/posts\/5901\/revisions\/5910"}],"wp:attachment":[{"href":"https:\/\/www.bratislavadesignweek.sk\/en\/wp-json\/wp\/v2\/media?parent=5901"}],"wp:term":[{"taxonomy":"category","embeddable":true,"href":"https:\/\/www.bratislavadesignweek.sk\/en\/wp-json\/wp\/v2\/categories?post=5901"},{"taxonomy":"post_tag","embeddable":true,"href":"https:\/\/www.bratislavadesignweek.sk\/en\/wp-json\/wp\/v2\/tags?post=5901"}],"curies":[{"name":"wp","href":"https:\/\/api.w.org\/{rel}","templated":true}]}}