{"id":5904,"date":"2016-05-19T17:05:32","date_gmt":"2016-05-19T16:05:32","guid":{"rendered":"http:\/\/www.bratislavadesignweek.sk\/?p=5904"},"modified":"2024-09-25T12:18:19","modified_gmt":"2024-09-25T10:18:19","slug":"uluv-design-studio","status":"publish","type":"post","link":"https:\/\/www.bratislavadesignweek.sk\/en\/uluv-design-studio\/","title":{"rendered":"\u00da\u013dUV Design Studio"},"content":{"rendered":"<p>[vc_column_text pb_margin_bottom=&#8220;no&#8220; pb_border_bottom=&#8220;no&#8220; width=&#8220;1\/3&#8243; el_position=&#8220;first&#8220;]<\/p>\n<p class=\"impact-text\">\u00da\u013dUV Design Studio<\/p>\n<p class=\"impact-text\">Michal Hanula \/ Miroslav Ml\u00e1denek \/ Tibor Uhr\u00edn<\/p>\n<p>Michal Hanula, Miroslav Ml\u00e1denek and Tibor Uhr\u00edn\u2019s design exhibition presents the current work of the trio. Those three outstanding personalities were brought together by wood as the basic element of their creation \u2013 and their synthetic, open-minded and progressive way of looking at this admired and respected material. They accept and deliberately develop its character and charge \u2013 with no sentiments, but with knowledge of its past and future relevance. It was their approach that formed the path of the Slovak craft design mostly of wood structures after the year 2000 and gave the sphere new energy and confidence.<\/p>\n<p>[button colour=&#8220;grey&#8220; type=&#8220;0&#8243; size=&#8220;small&#8220; link=&#8220;http:\/\/www.uluv.sk&#8220; target=&#8220;_self&#8220;]www.uluv.sk[\/button]<\/p>\n<p>[\/vc_column_text] [vc_column_text pb_margin_bottom=&#8220;no&#8220; pb_border_bottom=&#8220;no&#8220; width=&#8220;1\/2&#8243; el_position=&#8220;last&#8220;]<\/p>\n<p><a href=\"http:\/\/www.bratislavadesignweek.sk\/wp-content\/uploads\/2016\/05\/fosiliaIII.jpg\" rel=\"attachment wp-att-5902\"><img fetchpriority=\"high\" decoding=\"async\" class=\"alignnone size-large wp-image-5902\" src=\"http:\/\/www.bratislavadesignweek.sk\/wp-content\/uploads\/2016\/05\/fosiliaIII-690x1024.jpg\" alt=\"fosiliaIII\" width=\"690\" height=\"1024\" \/><\/a><\/p>\n<p><a href=\"http:\/\/www.bratislavadesignweek.sk\/wp-content\/uploads\/2016\/05\/Hanula_foto_Peter-Simon\u00b0k.jpg\" rel=\"attachment wp-att-5906\"><img decoding=\"async\" class=\"alignnone size-full wp-image-5906\" src=\"http:\/\/www.bratislavadesignweek.sk\/wp-content\/uploads\/2016\/05\/Hanula_foto_Peter-Simon\u00b0k.jpg\" alt=\"Hanula_foto_Peter Simon\u00b0k\" width=\"1000\" height=\"664\" srcset=\"https:\/\/www.bratislavadesignweek.sk\/wp-content\/uploads\/2016\/05\/Hanula_foto_Peter-Simon\u00b0k.jpg 1000w, https:\/\/www.bratislavadesignweek.sk\/wp-content\/uploads\/2016\/05\/Hanula_foto_Peter-Simon\u00b0k-300x199.jpg 300w, https:\/\/www.bratislavadesignweek.sk\/wp-content\/uploads\/2016\/05\/Hanula_foto_Peter-Simon\u00b0k-768x510.jpg 768w\" sizes=\"(max-width: 1000px) 100vw, 1000px\" \/><\/a><\/p>\n<p>[\/vc_column_text]<\/p>","protected":false},"excerpt":{"rendered":"<p>[vc_column_text pb_margin_bottom=&#8220;no&#8220; pb_border_bottom=&#8220;no&#8220; width=&#8220;1\/3&#8243; el_position=&#8220;first&#8220;] \u00da\u013dUV Design Studio Michal Hanula \/ Miroslav Ml\u00e1denek \/ Tibor Uhr\u00edn Michal Hanula, Miroslav Ml\u00e1denek and Tibor Uhr\u00edn\u2019s design exhibition presents the current work of the trio. Those three outstanding personalities were brought together by wood as the basic element of their creation \u2013 and their synthetic, open-minded and progressive [&hellip;]<\/p>","protected":false},"author":5,"featured_media":0,"comment_status":"closed","ping_status":"closed","sticky":false,"template":"","format":"standard","meta":{"footnotes":""},"categories":[783,665],"tags":[156,686,687,689,688],"_links":{"self":[{"href":"https:\/\/www.bratislavadesignweek.sk\/en\/wp-json\/wp\/v2\/posts\/5904"}],"collection":[{"href":"https:\/\/www.bratislavadesignweek.sk\/en\/wp-json\/wp\/v2\/posts"}],"about":[{"href":"https:\/\/www.bratislavadesignweek.sk\/en\/wp-json\/wp\/v2\/types\/post"}],"author":[{"embeddable":true,"href":"https:\/\/www.bratislavadesignweek.sk\/en\/wp-json\/wp\/v2\/users\/5"}],"replies":[{"embeddable":true,"href":"https:\/\/www.bratislavadesignweek.sk\/en\/wp-json\/wp\/v2\/comments?post=5904"}],"version-history":[{"count":3,"href":"https:\/\/www.bratislavadesignweek.sk\/en\/wp-json\/wp\/v2\/posts\/5904\/revisions"}],"predecessor-version":[{"id":5908,"href":"https:\/\/www.bratislavadesignweek.sk\/en\/wp-json\/wp\/v2\/posts\/5904\/revisions\/5908"}],"wp:attachment":[{"href":"https:\/\/www.bratislavadesignweek.sk\/en\/wp-json\/wp\/v2\/media?parent=5904"}],"wp:term":[{"taxonomy":"category","embeddable":true,"href":"https:\/\/www.bratislavadesignweek.sk\/en\/wp-json\/wp\/v2\/categories?post=5904"},{"taxonomy":"post_tag","embeddable":true,"href":"https:\/\/www.bratislavadesignweek.sk\/en\/wp-json\/wp\/v2\/tags?post=5904"}],"curies":[{"name":"wp","href":"https:\/\/api.w.org\/{rel}","templated":true}]}}