{"id":5911,"date":"2016-05-19T17:48:14","date_gmt":"2016-05-19T16:48:14","guid":{"rendered":"http:\/\/www.bratislavadesignweek.sk\/?p=5911"},"modified":"2024-09-25T12:18:19","modified_gmt":"2024-09-25T10:18:19","slug":"marian-lassak-3","status":"publish","type":"post","link":"https:\/\/www.bratislavadesignweek.sk\/en\/marian-lassak-3\/","title":{"rendered":"Mari\u00e1n La\u0161\u0161\u00e1k"},"content":{"rendered":"<p>[vc_column_text pb_margin_bottom=&#8220;no&#8220; pb_border_bottom=&#8220;no&#8220; width=&#8220;1\/3&#8243; el_position=&#8220;first&#8220;]<\/p>\n<p class=\"impact-text\">Mari\u00e1n La\u0161\u0161\u00e1k \/\u00a0Panel\u00e1k<\/p>\n<p>&nbsp;<\/p>\n<p>Fenom\u00e9n panelov\u00fdch domov a s\u00eddlisk tvor\u00ed neoddelite\u013en\u00fa s\u00fa\u010das\u0165 na\u0161ej vizu\u00e1lnej pam\u00e4te. Ovplyvnil \u017eivoty viacer\u00fdch gener\u00e1ci\u00ed a prin\u00e1\u0161a v\u00fdznamy, ktor\u00e9 sa menia na z\u00e1klade individu\u00e1lnych pr\u00edbehov ka\u017ed\u00e9ho z n\u00e1s. Mari\u00e1n La\u0161\u0161\u00e1k\u00a0 t\u00fato t\u00e9mou aplikuje do oblasti n\u00e1bytkov\u00e9ho dizajnu.<\/p>\n<p><span style=\"line-height: 1.5;\"><br \/>\n<\/span><\/p>\n<p>[button colour=&#8220;grey&#8220; type=&#8220;0&#8243; size=&#8220;small&#8220; link=&#8220;http:\/\/www.lassakstudio.com&#8220; target=&#8220;_self&#8220;]www.lassakstudio.com[\/button]<\/p>\n<p>[\/vc_column_text] [vc_column_text pb_margin_bottom=&#8220;no&#8220; pb_border_bottom=&#8220;no&#8220; width=&#8220;1\/2&#8243; el_position=&#8220;last&#8220;]<\/p>\n<p><a href=\"http:\/\/www.bratislavadesignweek.sk\/wp-content\/uploads\/2016\/05\/marian-lassak.jpg\"><img fetchpriority=\"high\" decoding=\"async\" class=\"alignnone size-large wp-image-6444\" src=\"http:\/\/www.bratislavadesignweek.sk\/wp-content\/uploads\/2016\/05\/marian-lassak-1024x683.jpg\" alt=\"marian lassak\" width=\"1024\" height=\"683\" \/><\/a><\/p>\n<p>[\/vc_column_text]<\/p>","protected":false},"excerpt":{"rendered":"<p>[vc_column_text pb_margin_bottom=&#8220;no&#8220; pb_border_bottom=&#8220;no&#8220; width=&#8220;1\/3&#8243; el_position=&#8220;first&#8220;] Mari\u00e1n La\u0161\u0161\u00e1k \/\u00a0Panel\u00e1k &nbsp; Fenom\u00e9n panelov\u00fdch domov a s\u00eddlisk tvor\u00ed neoddelite\u013en\u00fa s\u00fa\u010das\u0165 na\u0161ej vizu\u00e1lnej pam\u00e4te. Ovplyvnil \u017eivoty viacer\u00fdch gener\u00e1ci\u00ed a prin\u00e1\u0161a v\u00fdznamy, ktor\u00e9 sa menia na z\u00e1klade individu\u00e1lnych pr\u00edbehov ka\u017ed\u00e9ho z n\u00e1s. Mari\u00e1n La\u0161\u0161\u00e1k\u00a0 t\u00fato t\u00e9mou aplikuje do oblasti n\u00e1bytkov\u00e9ho dizajnu. [button colour=&#8220;grey&#8220; type=&#8220;0&#8243; size=&#8220;small&#8220; link=&#8220;http:\/\/www.lassakstudio.com&#8220; target=&#8220;_self&#8220;]www.lassakstudio.com[\/button] [\/vc_column_text] [vc_column_text pb_margin_bottom=&#8220;no&#8220; [&hellip;]<\/p>","protected":false},"author":5,"featured_media":0,"comment_status":"closed","ping_status":"closed","sticky":false,"template":"","format":"standard","meta":{"footnotes":""},"categories":[783,660],"tags":[293],"_links":{"self":[{"href":"https:\/\/www.bratislavadesignweek.sk\/en\/wp-json\/wp\/v2\/posts\/5911"}],"collection":[{"href":"https:\/\/www.bratislavadesignweek.sk\/en\/wp-json\/wp\/v2\/posts"}],"about":[{"href":"https:\/\/www.bratislavadesignweek.sk\/en\/wp-json\/wp\/v2\/types\/post"}],"author":[{"embeddable":true,"href":"https:\/\/www.bratislavadesignweek.sk\/en\/wp-json\/wp\/v2\/users\/5"}],"replies":[{"embeddable":true,"href":"https:\/\/www.bratislavadesignweek.sk\/en\/wp-json\/wp\/v2\/comments?post=5911"}],"version-history":[{"count":5,"href":"https:\/\/www.bratislavadesignweek.sk\/en\/wp-json\/wp\/v2\/posts\/5911\/revisions"}],"predecessor-version":[{"id":6446,"href":"https:\/\/www.bratislavadesignweek.sk\/en\/wp-json\/wp\/v2\/posts\/5911\/revisions\/6446"}],"wp:attachment":[{"href":"https:\/\/www.bratislavadesignweek.sk\/en\/wp-json\/wp\/v2\/media?parent=5911"}],"wp:term":[{"taxonomy":"category","embeddable":true,"href":"https:\/\/www.bratislavadesignweek.sk\/en\/wp-json\/wp\/v2\/categories?post=5911"},{"taxonomy":"post_tag","embeddable":true,"href":"https:\/\/www.bratislavadesignweek.sk\/en\/wp-json\/wp\/v2\/tags?post=5911"}],"curies":[{"name":"wp","href":"https:\/\/api.w.org\/{rel}","templated":true}]}}