{"id":5935,"date":"2016-05-21T09:47:13","date_gmt":"2016-05-21T08:47:13","guid":{"rendered":"http:\/\/www.bratislavadesignweek.sk\/?p=5935"},"modified":"2024-09-25T12:18:19","modified_gmt":"2024-09-25T10:18:19","slug":"ikea","status":"publish","type":"post","link":"https:\/\/www.bratislavadesignweek.sk\/en\/ikea\/","title":{"rendered":"IKEA"},"content":{"rendered":"<p>[vc_column_text pb_margin_bottom=&#8220;no&#8220; pb_border_bottom=&#8220;no&#8220; width=&#8220;1\/2&#8243; el_position=&#8220;first&#8220;]<\/p>\n<p class=\"impact-text\">IKEA<\/p>\n<p>&nbsp;<\/p>\n<p><strong>Kolekcia ANV\u00c4NDBAR<\/strong><\/p>\n<p>Ekologick\u00fd \u017eivotn\u00fd \u0161t\u00fdl je oh\u013eaduplnej\u0161\u00ed. V\u0161etko ale z\u00e1vis\u00ed od na\u0161ich dom\u00e1cnost\u00ed. Ak chceme naozaj pom\u00f4c\u0165 na\u0161ej plan\u00e9te, prv\u00e9 kroky treba podnikn\u00fa\u0165 u\u017e doma. M\u00f4\u017eeme \u0161etri\u0165 vodou. M\u00f4\u017eeme separova\u0165 odpad. M\u00f4\u017eeme robi\u0165 u\u017eito\u010dn\u00e9 mali\u010dkosti v\u0161ade tam, kde sa len d\u00e1. Pocit, ktor\u00fd to v n\u00e1s vyvol\u00e1va, je na nezaplatenie. IKEA predstavuje kolekciu ANV\u00c4NDBAR, kolekciu pre zelen\u0161\u00ed \u017eivotn\u00fd \u0161t\u00fdl. Obsahuje be\u017en\u00e9 v\u00fdrobky dennej potreby z\u00a0pr\u00edrodn\u00fdch materi\u00e1lov, v\u010faka ktor\u00fdm bude n\u00e1\u0161 \u017eivot ekologickej\u0161\u00ed a\u00a0trocha z\u00e1bavnej\u0161\u00ed. \u0160kandin\u00e1vsky dizajn sa hod\u00ed do ka\u017edej dom\u00e1cnosti. Odteraz m\u00f4\u017eeme \u017eivotn\u00e9mu prostrediu pom\u00e1ha\u0165 aj pri dom\u00e1cich pr\u00e1cach. Navy\u0161e \u0161t\u00fdlom, o\u00a0ktorom sa bud\u00fa \u013eudia radi rozpr\u00e1va\u0165.<\/p>\n<p><strong>Kolekcia VIKTIGT \/\u00a0<\/strong><b>v\u00a0spolupr\u00e1ci s\u00a0Ingegerd R\u00e5man<\/b><\/p>\n<p>Kolekcia VIKTIGT nie je o ve\u013ek\u00fdch gest\u00e1ch \u2013 v\u00fdrazn\u00fdch farb\u00e1ch, n\u00e1padn\u00fdch tvaroch a\u00a0 pr\u00edli\u0161nej dekor\u00e1cii. Je obrazom l\u00e1sky k\u00a0dizajnu, ktor\u00fd zanech\u00e1va v\u00fdrazn\u00fa stopu cez jeho porozumenie. Oby\u010dajn\u00e9 liatie vody do \u010d\u00edreho poh\u00e1ra m\u00f4\u017ee by\u0165 ve\u013ekolep\u00fdm divadlom.<\/p>\n<p>T\u00e1to decentn\u00e1 limitovan\u00e1 kolekcia vznikla v\u00a0spolupr\u00e1ci s\u00a0renomovanou \u0161v\u00e9dskou dizajn\u00e9rkou, skl\u00e1rkou a\u00a0kerami\u010dkou Ingegerd R\u00e5man. Obsahuje v\u00fdrobky z ru\u010dne f\u00fakan\u00e9ho skla, n\u00e1bytok a\u00a0doplnky z\u00a0pr\u00edrodn\u00fdch materi\u00e1lov. Je kr\u00e1sna pre jej jednoduchos\u0165. Nen\u00e1jdete v\u00a0nej ni\u010d, \u010do by bolo zbyto\u010dn\u00e9.<\/p>\n<p>&nbsp;<\/p>\n<p>[button colour=&#8220;grey&#8220; type=&#8220;0&#8243; size=&#8220;small&#8220; link=&#8220;http:\/\/www.ikea.com\/sk\/sk\/&#8220; target=&#8220;_self&#8220;]www.ikea.sk[\/button]<\/p>\n<p>[\/vc_column_text] [vc_column_text pb_margin_bottom=&#8220;no&#8220; pb_border_bottom=&#8220;no&#8220; width=&#8220;1\/2&#8243; el_position=&#8220;last&#8220;]<\/p>\n<p><a href=\"http:\/\/www.bratislavadesignweek.sk\/wp-content\/uploads\/2016\/05\/PH132957.jpg\" rel=\"attachment wp-att-5936\"><img fetchpriority=\"high\" decoding=\"async\" class=\"alignnone size-large wp-image-5936\" src=\"http:\/\/www.bratislavadesignweek.sk\/wp-content\/uploads\/2016\/05\/PH132957-1024x783.jpg\" alt=\"PH132957\" width=\"1024\" height=\"783\" \/><\/a><\/p>\n<p><a href=\"http:\/\/www.bratislavadesignweek.sk\/wp-content\/uploads\/2016\/05\/ikea-2.jpg\" rel=\"attachment wp-att-6249\"><img decoding=\"async\" class=\"alignnone size-large wp-image-6249\" src=\"http:\/\/www.bratislavadesignweek.sk\/wp-content\/uploads\/2016\/05\/ikea-2-1024x767.jpg\" alt=\"ikea 2\" width=\"1024\" height=\"767\" srcset=\"https:\/\/www.bratislavadesignweek.sk\/wp-content\/uploads\/2016\/05\/ikea-2-1024x767.jpg 1024w, https:\/\/www.bratislavadesignweek.sk\/wp-content\/uploads\/2016\/05\/ikea-2-300x225.jpg 300w, https:\/\/www.bratislavadesignweek.sk\/wp-content\/uploads\/2016\/05\/ikea-2-768x575.jpg 768w, https:\/\/www.bratislavadesignweek.sk\/wp-content\/uploads\/2016\/05\/ikea-2-94x70.jpg 94w, https:\/\/www.bratislavadesignweek.sk\/wp-content\/uploads\/2016\/05\/ikea-2-600x450.jpg 600w, https:\/\/www.bratislavadesignweek.sk\/wp-content\/uploads\/2016\/05\/ikea-2-900x675.jpg 900w, https:\/\/www.bratislavadesignweek.sk\/wp-content\/uploads\/2016\/05\/ikea-2.jpg 1200w\" sizes=\"(max-width: 1024px) 100vw, 1024px\" \/><\/a><\/p>\n<p>[\/vc_column_text]<\/p>","protected":false},"excerpt":{"rendered":"<p>[vc_column_text pb_margin_bottom=&#8220;no&#8220; pb_border_bottom=&#8220;no&#8220; width=&#8220;1\/2&#8243; el_position=&#8220;first&#8220;] IKEA &nbsp; Kolekcia ANV\u00c4NDBAR Ekologick\u00fd \u017eivotn\u00fd \u0161t\u00fdl je oh\u013eaduplnej\u0161\u00ed. V\u0161etko ale z\u00e1vis\u00ed od na\u0161ich dom\u00e1cnost\u00ed. Ak chceme naozaj pom\u00f4c\u0165 na\u0161ej plan\u00e9te, prv\u00e9 kroky treba podnikn\u00fa\u0165 u\u017e doma. M\u00f4\u017eeme \u0161etri\u0165 vodou. M\u00f4\u017eeme separova\u0165 odpad. M\u00f4\u017eeme robi\u0165 u\u017eito\u010dn\u00e9 mali\u010dkosti v\u0161ade tam, kde sa len d\u00e1. Pocit, ktor\u00fd to v n\u00e1s vyvol\u00e1va, je [&hellip;]<\/p>","protected":false},"author":5,"featured_media":0,"comment_status":"closed","ping_status":"closed","sticky":false,"template":"","format":"standard","meta":{"footnotes":""},"categories":[783,658],"tags":[691,692],"_links":{"self":[{"href":"https:\/\/www.bratislavadesignweek.sk\/en\/wp-json\/wp\/v2\/posts\/5935"}],"collection":[{"href":"https:\/\/www.bratislavadesignweek.sk\/en\/wp-json\/wp\/v2\/posts"}],"about":[{"href":"https:\/\/www.bratislavadesignweek.sk\/en\/wp-json\/wp\/v2\/types\/post"}],"author":[{"embeddable":true,"href":"https:\/\/www.bratislavadesignweek.sk\/en\/wp-json\/wp\/v2\/users\/5"}],"replies":[{"embeddable":true,"href":"https:\/\/www.bratislavadesignweek.sk\/en\/wp-json\/wp\/v2\/comments?post=5935"}],"version-history":[{"count":6,"href":"https:\/\/www.bratislavadesignweek.sk\/en\/wp-json\/wp\/v2\/posts\/5935\/revisions"}],"predecessor-version":[{"id":6254,"href":"https:\/\/www.bratislavadesignweek.sk\/en\/wp-json\/wp\/v2\/posts\/5935\/revisions\/6254"}],"wp:attachment":[{"href":"https:\/\/www.bratislavadesignweek.sk\/en\/wp-json\/wp\/v2\/media?parent=5935"}],"wp:term":[{"taxonomy":"category","embeddable":true,"href":"https:\/\/www.bratislavadesignweek.sk\/en\/wp-json\/wp\/v2\/categories?post=5935"},{"taxonomy":"post_tag","embeddable":true,"href":"https:\/\/www.bratislavadesignweek.sk\/en\/wp-json\/wp\/v2\/tags?post=5935"}],"curies":[{"name":"wp","href":"https:\/\/api.w.org\/{rel}","templated":true}]}}