{"id":5941,"date":"2016-05-21T10:01:07","date_gmt":"2016-05-21T09:01:07","guid":{"rendered":"http:\/\/www.bratislavadesignweek.sk\/?p=5941"},"modified":"2024-09-25T12:18:19","modified_gmt":"2024-09-25T10:18:19","slug":"kroslak","status":"publish","type":"post","link":"https:\/\/www.bratislavadesignweek.sk\/en\/kroslak\/","title":{"rendered":"Kroslak"},"content":{"rendered":"<p>[vc_column_text pb_margin_bottom=&#8220;no&#8220; pb_border_bottom=&#8220;no&#8220; width=&#8220;1\/3&#8243; el_position=&#8220;first&#8220;]<\/p>\n<p class=\"impact-text\">Kroslak<\/p>\n<p>&nbsp;<\/p>\n<p>For this year's BADW we have developed a new casual and oversized Oceanside model, the Malaga model will also be part of the furniture presentation. Kro\u0161l\u00e1k has a 20-year tradition in the production of upholstered furniture. Today, as an OEM manufacturer, we supply mass-produced seating furniture to retail chains mainly in Western Europe. Every week we export 1000+ elements of different types - sofas, recliners, beds, armchairs. Occasionally we also develop customized furniture for the object business. Our development department keeps abreast of new trends in the industry, diverse motor and manual furniture functions, new quality and non-hazardous materials, accelerated life cycle of design models.<\/p>\n<p>&nbsp;<\/p>\n<p>[button colour=\"grey\" type=\"0\u2033 size=\"small\" link=\"http:\/\/www.kroslak.sk\/?lang=sk\" target=\"_self\"]www.kroslak.sk[\/button]<\/p>\n<p>[\/vc_column_text] [vc_column_text pb_margin_bottom=&#8220;no&#8220; pb_border_bottom=&#8220;no&#8220; width=&#8220;1\/2&#8243; el_position=&#8220;last&#8220;]<\/p>\n<p><a href=\"http:\/\/www.bratislavadesignweek.sk\/wp-content\/uploads\/2016\/05\/kro\u0161lak-zmena.jpg\"><img fetchpriority=\"high\" decoding=\"async\" class=\"alignnone size-large wp-image-6412\" src=\"http:\/\/www.bratislavadesignweek.sk\/wp-content\/uploads\/2016\/05\/kro\u0161lak-zmena-1024x539.jpg\" alt=\"kro\u0161lak zmena\" width=\"1024\" height=\"539\" \/><\/a><\/p>\n<p>[\/vc_column_text]<\/p>","protected":false},"excerpt":{"rendered":"<p>[vc_column_text pb_margin_bottom=&#8220;no&#8220; pb_border_bottom=&#8220;no&#8220; width=&#8220;1\/3&#8243; el_position=&#8220;first&#8220;] Kro\u0161l\u00e1k &nbsp; Pre tohtoro\u010dn\u00fd BADW sme vyvinuli nov\u00fd le\u017e\u00e9rny a nadrozmern\u00fd model Oceanside, s\u00fa\u010das\u0165ou prezent\u00e1cie n\u00e1bytku bude aj model Malaga. Firma Kro\u0161l\u00e1k m\u00e1 20-ro\u010dn\u00fa trad\u00edciu vo v\u00fdrobe \u010dal\u00fanen\u00e9ho n\u00e1bytku. Dnes ako OEM v\u00fdrobca dod\u00e1vame s\u00e9riovo vyr\u00e1ban\u00fd sedac\u00ed n\u00e1bytok do obchodn\u00fdch siet\u00ed hlavne v z\u00e1padnej Eur\u00f3pe. Ka\u017ed\u00fd t\u00fd\u017ede\u0148 vyvezieme 1000+ elementov [&hellip;]<\/p>","protected":false},"author":5,"featured_media":0,"comment_status":"closed","ping_status":"closed","sticky":false,"template":"","format":"standard","meta":{"footnotes":""},"categories":[783,658],"tags":[693],"_links":{"self":[{"href":"https:\/\/www.bratislavadesignweek.sk\/en\/wp-json\/wp\/v2\/posts\/5941"}],"collection":[{"href":"https:\/\/www.bratislavadesignweek.sk\/en\/wp-json\/wp\/v2\/posts"}],"about":[{"href":"https:\/\/www.bratislavadesignweek.sk\/en\/wp-json\/wp\/v2\/types\/post"}],"author":[{"embeddable":true,"href":"https:\/\/www.bratislavadesignweek.sk\/en\/wp-json\/wp\/v2\/users\/5"}],"replies":[{"embeddable":true,"href":"https:\/\/www.bratislavadesignweek.sk\/en\/wp-json\/wp\/v2\/comments?post=5941"}],"version-history":[{"count":4,"href":"https:\/\/www.bratislavadesignweek.sk\/en\/wp-json\/wp\/v2\/posts\/5941\/revisions"}],"predecessor-version":[{"id":6416,"href":"https:\/\/www.bratislavadesignweek.sk\/en\/wp-json\/wp\/v2\/posts\/5941\/revisions\/6416"}],"wp:attachment":[{"href":"https:\/\/www.bratislavadesignweek.sk\/en\/wp-json\/wp\/v2\/media?parent=5941"}],"wp:term":[{"taxonomy":"category","embeddable":true,"href":"https:\/\/www.bratislavadesignweek.sk\/en\/wp-json\/wp\/v2\/categories?post=5941"},{"taxonomy":"post_tag","embeddable":true,"href":"https:\/\/www.bratislavadesignweek.sk\/en\/wp-json\/wp\/v2\/tags?post=5941"}],"curies":[{"name":"wp","href":"https:\/\/api.w.org\/{rel}","templated":true}]}}