{"id":5946,"date":"2016-05-21T10:07:11","date_gmt":"2016-05-21T09:07:11","guid":{"rendered":"http:\/\/www.bratislavadesignweek.sk\/?p=5946"},"modified":"2024-09-25T12:18:19","modified_gmt":"2024-09-25T10:18:19","slug":"maka-gallik-3","status":"publish","type":"post","link":"https:\/\/www.bratislavadesignweek.sk\/en\/maka-gallik-3\/","title":{"rendered":"MAKA GALLIK"},"content":{"rendered":"<p>[vc_column_text pb_margin_bottom=&#8220;no&#8220; pb_border_bottom=&#8220;no&#8220; width=&#8220;1\/2&#8243; el_position=&#8220;first&#8220;]<\/p>\n<p class=\"impact-text\">MAKA GALLIK<\/p>\n<p>Remeseln\u00e1 zru\u010dnos\u0165. Dez\u00e9n.\u00a0Prec\u00edznos\u0165 materi\u00e1lu. To s\u00fa charakteristick\u00e9 prvky autorsk\u00fdch klenotov ateli\u00e9ru MAKA GALLIK, ktor\u00e9 si podmania v\u0161etky va\u0161e zmysly.\u00a0V\u00fdrobky ateli\u00e9ru s\u00fa ur\u010den\u00e9 pre jednotlivca, ktor\u00fd sa neboj\u00ed nosi\u0165 ta\u0161ku ako \u0161perk.<\/p>\n<p>[button colour=&#8220;grey&#8220; type=&#8220;0&#8243; size=&#8220;small&#8220; link=&#8220;mailto:makagallik@gmail.com&#8220; target=&#8220;_self&#8220;]makagallik@gmail.com[\/button]<\/p>\n<p>[\/vc_column_text] [vc_column_text pb_margin_bottom=&#8220;no&#8220; pb_border_bottom=&#8220;no&#8220; width=&#8220;1\/2&#8243; el_position=&#8220;last&#8220;]<\/p>\n<p><a href=\"http:\/\/www.bratislavadesignweek.sk\/wp-content\/uploads\/2016\/05\/DSC_6268.jpg\" rel=\"attachment wp-att-6273\"><img fetchpriority=\"high\" decoding=\"async\" class=\"alignnone size-large wp-image-6273\" src=\"http:\/\/www.bratislavadesignweek.sk\/wp-content\/uploads\/2016\/05\/DSC_6268-690x1024.jpg\" alt=\"DSC_6268\" width=\"690\" height=\"1024\" \/><\/a><\/p>\n<p>[\/vc_column_text]<\/p>","protected":false},"excerpt":{"rendered":"<p>[vc_column_text pb_margin_bottom=&#8220;no&#8220; pb_border_bottom=&#8220;no&#8220; width=&#8220;1\/2&#8243; el_position=&#8220;first&#8220;] MAKA GALLIK Remeseln\u00e1 zru\u010dnos\u0165. Dez\u00e9n.\u00a0Prec\u00edznos\u0165 materi\u00e1lu. To s\u00fa charakteristick\u00e9 prvky autorsk\u00fdch klenotov ateli\u00e9ru MAKA GALLIK, ktor\u00e9 si podmania v\u0161etky va\u0161e zmysly.\u00a0V\u00fdrobky ateli\u00e9ru s\u00fa ur\u010den\u00e9 pre jednotlivca, ktor\u00fd sa neboj\u00ed nosi\u0165 ta\u0161ku ako \u0161perk. [button colour=&#8220;grey&#8220; type=&#8220;0&#8243; size=&#8220;small&#8220; link=&#8220;mailto:makagallik@gmail.com&#8220; target=&#8220;_self&#8220;]makagallik@gmail.com[\/button] [\/vc_column_text] [vc_column_text pb_margin_bottom=&#8220;no&#8220; pb_border_bottom=&#8220;no&#8220; width=&#8220;1\/2&#8243; el_position=&#8220;last&#8220;] [\/vc_column_text]<\/p>","protected":false},"author":5,"featured_media":0,"comment_status":"closed","ping_status":"closed","sticky":false,"template":"","format":"standard","meta":{"footnotes":""},"categories":[783,658],"tags":[596],"_links":{"self":[{"href":"https:\/\/www.bratislavadesignweek.sk\/en\/wp-json\/wp\/v2\/posts\/5946"}],"collection":[{"href":"https:\/\/www.bratislavadesignweek.sk\/en\/wp-json\/wp\/v2\/posts"}],"about":[{"href":"https:\/\/www.bratislavadesignweek.sk\/en\/wp-json\/wp\/v2\/types\/post"}],"author":[{"embeddable":true,"href":"https:\/\/www.bratislavadesignweek.sk\/en\/wp-json\/wp\/v2\/users\/5"}],"replies":[{"embeddable":true,"href":"https:\/\/www.bratislavadesignweek.sk\/en\/wp-json\/wp\/v2\/comments?post=5946"}],"version-history":[{"count":5,"href":"https:\/\/www.bratislavadesignweek.sk\/en\/wp-json\/wp\/v2\/posts\/5946\/revisions"}],"predecessor-version":[{"id":6279,"href":"https:\/\/www.bratislavadesignweek.sk\/en\/wp-json\/wp\/v2\/posts\/5946\/revisions\/6279"}],"wp:attachment":[{"href":"https:\/\/www.bratislavadesignweek.sk\/en\/wp-json\/wp\/v2\/media?parent=5946"}],"wp:term":[{"taxonomy":"category","embeddable":true,"href":"https:\/\/www.bratislavadesignweek.sk\/en\/wp-json\/wp\/v2\/categories?post=5946"},{"taxonomy":"post_tag","embeddable":true,"href":"https:\/\/www.bratislavadesignweek.sk\/en\/wp-json\/wp\/v2\/tags?post=5946"}],"curies":[{"name":"wp","href":"https:\/\/api.w.org\/{rel}","templated":true}]}}