{"id":6000,"date":"2016-05-23T23:55:19","date_gmt":"2016-05-23T22:55:19","guid":{"rendered":"http:\/\/www.bratislavadesignweek.sk\/?p=6000"},"modified":"2024-09-25T12:18:19","modified_gmt":"2024-09-25T10:18:19","slug":"design-lectures-night-prvy-krat-na-badw","status":"publish","type":"post","link":"https:\/\/www.bratislavadesignweek.sk\/en\/design-lectures-night-prvy-krat-na-badw\/","title":{"rendered":"Design Lectures Night prv\u00fd kr\u00e1t na BADW"},"content":{"rendered":"<p>[vc_column_text pb_margin_bottom=&#8220;no&#8220; pb_border_bottom=&#8220;no&#8220; width=&#8220;1\/2&#8243; el_position=&#8220;first&#8220;]<\/p>\n<p class=\"impact-text\">Design Lectures Night prv\u00fd kr\u00e1t na BADW<\/p>\n<p>V programe BADW m\u00e1 tento rok v\u00fdznamn\u00e9 miesto nov\u00fd form\u00e1t DESIGN LECTURES NIGHT, na ktorom sa neform\u00e1lnou formou predstavia hostia festivalu. Siln\u00fd LINE UP ve\u010dera je nadupan\u00fd menami s\u00fa\u010dasn\u00fdch mlad\u00fdch dizajn\u00e9rov, o ktor\u00fdch tvorbe sa \u010d\u00edm \u010falej t\u00fdm viac hovor\u00ed a z\u00e1rove\u0148 sa tu predn\u00e1\u0161kou predstav\u00ed aj Jerszy Seymour. Vstup je limitovan\u00fd. Predn\u00e1\u0161ky bud\u00fa v anglickom jazyku.<\/p>\n<p>L\u00edstky v predpredaji tu:<\/p>\n<p>[button colour=&#8220;grey&#8220; type=&#8220;0&#8243; size=&#8220;small&#8220; link=&#8220;http:\/\/bratislavadesignweek.interticket.sk\/event\/sheet\/bratislava-design-week-design-lectures-night-2FDD7347733A4C489108E805123A4B3F#328&#8243; target=&#8220;_self&#8220;]bratislavadesignweek.interticket.sk[\/button]<\/p>\n<p>Program ve\u010dera tu:<\/p>\n<p>[button colour=&#8220;grey&#8220; type=&#8220;0&#8243; size=&#8220;small&#8220; link=&#8220;https:\/\/www.facebook.com\/events\/1007134619341526\/&#8220; target=&#8220;_self&#8220;]www.facebook.com[\/button]<\/p>\n<p>Miesto konania: Kostol Klarisky, Klarisk\u00e1 ulica<\/p>\n<p>D\u00e1tum: 8. j\u00fana<\/p>\n<p>\u010cas: 18.00 &#8211; 22.00<\/p>\n<p>[\/vc_column_text] [vc_column_text pb_margin_bottom=&#8220;no&#8220; pb_border_bottom=&#8220;no&#8220; width=&#8220;1\/2&#8243; el_position=&#8220;last&#8220;]<\/p>\n<p><a href=\"http:\/\/www.bratislavadesignweek.sk\/wp-content\/uploads\/2016\/05\/sl.jpg\" rel=\"attachment wp-att-6002\"><img fetchpriority=\"high\" decoding=\"async\" class=\"alignnone size-large wp-image-6002\" src=\"http:\/\/www.bratislavadesignweek.sk\/wp-content\/uploads\/2016\/05\/sl-683x1024.jpg\" alt=\"sl\" width=\"683\" height=\"1024\" srcset=\"https:\/\/www.bratislavadesignweek.sk\/wp-content\/uploads\/2016\/05\/sl-683x1024.jpg 683w, https:\/\/www.bratislavadesignweek.sk\/wp-content\/uploads\/2016\/05\/sl-200x300.jpg 200w, https:\/\/www.bratislavadesignweek.sk\/wp-content\/uploads\/2016\/05\/sl-768x1152.jpg 768w, https:\/\/www.bratislavadesignweek.sk\/wp-content\/uploads\/2016\/05\/sl.jpg 800w\" sizes=\"(max-width: 683px) 100vw, 683px\" \/><\/a><\/p>\n<p>[\/vc_column_text]<\/p>","protected":false},"excerpt":{"rendered":"<p>[vc_column_text pb_margin_bottom=&#8220;no&#8220; pb_border_bottom=&#8220;no&#8220; width=&#8220;1\/2&#8243; el_position=&#8220;first&#8220;] Design Lectures Night prv\u00fd kr\u00e1t na BADW V programe BADW m\u00e1 tento rok v\u00fdznamn\u00e9 miesto nov\u00fd form\u00e1t DESIGN LECTURES NIGHT, na ktorom sa neform\u00e1lnou formou predstavia hostia festivalu. Siln\u00fd LINE UP ve\u010dera je nadupan\u00fd menami s\u00fa\u010dasn\u00fdch mlad\u00fdch dizajn\u00e9rov, o ktor\u00fdch tvorbe sa \u010d\u00edm \u010falej t\u00fdm viac hovor\u00ed a z\u00e1rove\u0148 sa [&hellip;]<\/p>","protected":false},"author":5,"featured_media":0,"comment_status":"closed","ping_status":"closed","sticky":false,"template":"","format":"standard","meta":{"footnotes":""},"categories":[634,783],"tags":[695],"_links":{"self":[{"href":"https:\/\/www.bratislavadesignweek.sk\/en\/wp-json\/wp\/v2\/posts\/6000"}],"collection":[{"href":"https:\/\/www.bratislavadesignweek.sk\/en\/wp-json\/wp\/v2\/posts"}],"about":[{"href":"https:\/\/www.bratislavadesignweek.sk\/en\/wp-json\/wp\/v2\/types\/post"}],"author":[{"embeddable":true,"href":"https:\/\/www.bratislavadesignweek.sk\/en\/wp-json\/wp\/v2\/users\/5"}],"replies":[{"embeddable":true,"href":"https:\/\/www.bratislavadesignweek.sk\/en\/wp-json\/wp\/v2\/comments?post=6000"}],"version-history":[{"count":4,"href":"https:\/\/www.bratislavadesignweek.sk\/en\/wp-json\/wp\/v2\/posts\/6000\/revisions"}],"predecessor-version":[{"id":6154,"href":"https:\/\/www.bratislavadesignweek.sk\/en\/wp-json\/wp\/v2\/posts\/6000\/revisions\/6154"}],"wp:attachment":[{"href":"https:\/\/www.bratislavadesignweek.sk\/en\/wp-json\/wp\/v2\/media?parent=6000"}],"wp:term":[{"taxonomy":"category","embeddable":true,"href":"https:\/\/www.bratislavadesignweek.sk\/en\/wp-json\/wp\/v2\/categories?post=6000"},{"taxonomy":"post_tag","embeddable":true,"href":"https:\/\/www.bratislavadesignweek.sk\/en\/wp-json\/wp\/v2\/tags?post=6000"}],"curies":[{"name":"wp","href":"https:\/\/api.w.org\/{rel}","templated":true}]}}