{"id":6035,"date":"2016-05-24T09:05:05","date_gmt":"2016-05-24T08:05:05","guid":{"rendered":"http:\/\/www.bratislavadesignweek.sk\/?p=6035"},"modified":"2024-09-25T12:18:19","modified_gmt":"2024-09-25T10:18:19","slug":"crafting-plastics","status":"publish","type":"post","link":"https:\/\/www.bratislavadesignweek.sk\/en\/crafting-plastics\/","title":{"rendered":"crafting plastics!"},"content":{"rendered":"<p>[vc_column_text pb_margin_bottom=&#8220;no&#8220; pb_border_bottom=&#8220;no&#8220; width=&#8220;1\/2&#8243; el_position=&#8220;first&#8220;]<\/p>\n<p class=\"impact-text\">crafting plastics!<\/p>\n<p>&nbsp;<\/p>\n<p><span style=\"line-height: 1.5;\">Nov\u00e1 medzin\u00e1rodn\u00e1 platforma cp! studio sa zameriava na v\u00fdskum a inov\u00e1cie vo sf\u00e9re bioplastov.\u00a0Experimentuje, spolupracuje a produkuje s oh\u013eadom na cel\u00fd \u017eivotn\u00fd cyklus produktu. Premi\u00e9rov\u00fd set\u00a0cp!s collection 1\u00a0tvoria okuliare\u00a0vo form\u00e1te ready-to-wear, navrhnut\u00e9 pre u\u017e\u00edvate\u013eov, ktor\u00ed maj\u00fa radi progres\u00edvne a nekonven\u010dn\u00e9 rie\u0161enia.<\/span><\/p>\n<p>Autori: Vlasta Kubu\u0161ov\u00e1, Miroslav Kr\u00e1l, Matej Dubi\u0161, Branislav Laho<\/p>\n<p>&nbsp;<\/p>\n<p>[button colour=&#8220;grey&#8220; type=&#8220;0&#8243; size=&#8220;small&#8220; link=&#8220;http:\/\/www.craftingplastics.com&#8220; target=&#8220;_self&#8220;]www.craftingplastics.com[\/button]<\/p>\n<p>[\/vc_column_text] [vc_column_text pb_margin_bottom=&#8220;no&#8220; pb_border_bottom=&#8220;no&#8220; width=&#8220;1\/2&#8243; el_position=&#8220;last&#8220;]<\/p>\n<p><a href=\"http:\/\/www.bratislavadesignweek.sk\/wp-content\/uploads\/2016\/05\/crafting-plastics.jpg\" rel=\"attachment wp-att-6036\"><img fetchpriority=\"high\" decoding=\"async\" class=\"alignnone size-large wp-image-6036\" src=\"http:\/\/www.bratislavadesignweek.sk\/wp-content\/uploads\/2016\/05\/crafting-plastics-681x1024.jpg\" alt=\"crafting plastics\" width=\"681\" height=\"1024\" \/><\/a><\/p>\n<p>[\/vc_column_text]<\/p>","protected":false},"excerpt":{"rendered":"<p>[vc_column_text pb_margin_bottom=&#8220;no&#8220; pb_border_bottom=&#8220;no&#8220; width=&#8220;1\/2&#8243; el_position=&#8220;first&#8220;] crafting plastics! &nbsp; Nov\u00e1 medzin\u00e1rodn\u00e1 platforma cp! studio sa zameriava na v\u00fdskum a inov\u00e1cie vo sf\u00e9re bioplastov.\u00a0Experimentuje, spolupracuje a produkuje s oh\u013eadom na cel\u00fd \u017eivotn\u00fd cyklus produktu. Premi\u00e9rov\u00fd set\u00a0cp!s collection 1\u00a0tvoria okuliare\u00a0vo form\u00e1te ready-to-wear, navrhnut\u00e9 pre u\u017e\u00edvate\u013eov, ktor\u00ed maj\u00fa radi progres\u00edvne a nekonven\u010dn\u00e9 rie\u0161enia. Autori: Vlasta Kubu\u0161ov\u00e1, Miroslav Kr\u00e1l, Matej [&hellip;]<\/p>","protected":false},"author":5,"featured_media":0,"comment_status":"closed","ping_status":"closed","sticky":false,"template":"","format":"standard","meta":{"footnotes":""},"categories":[783,660],"tags":[285,702,705,704,703],"_links":{"self":[{"href":"https:\/\/www.bratislavadesignweek.sk\/en\/wp-json\/wp\/v2\/posts\/6035"}],"collection":[{"href":"https:\/\/www.bratislavadesignweek.sk\/en\/wp-json\/wp\/v2\/posts"}],"about":[{"href":"https:\/\/www.bratislavadesignweek.sk\/en\/wp-json\/wp\/v2\/types\/post"}],"author":[{"embeddable":true,"href":"https:\/\/www.bratislavadesignweek.sk\/en\/wp-json\/wp\/v2\/users\/5"}],"replies":[{"embeddable":true,"href":"https:\/\/www.bratislavadesignweek.sk\/en\/wp-json\/wp\/v2\/comments?post=6035"}],"version-history":[{"count":5,"href":"https:\/\/www.bratislavadesignweek.sk\/en\/wp-json\/wp\/v2\/posts\/6035\/revisions"}],"predecessor-version":[{"id":6261,"href":"https:\/\/www.bratislavadesignweek.sk\/en\/wp-json\/wp\/v2\/posts\/6035\/revisions\/6261"}],"wp:attachment":[{"href":"https:\/\/www.bratislavadesignweek.sk\/en\/wp-json\/wp\/v2\/media?parent=6035"}],"wp:term":[{"taxonomy":"category","embeddable":true,"href":"https:\/\/www.bratislavadesignweek.sk\/en\/wp-json\/wp\/v2\/categories?post=6035"},{"taxonomy":"post_tag","embeddable":true,"href":"https:\/\/www.bratislavadesignweek.sk\/en\/wp-json\/wp\/v2\/tags?post=6035"}],"curies":[{"name":"wp","href":"https:\/\/api.w.org\/{rel}","templated":true}]}}