{"id":6060,"date":"2016-05-24T11:00:43","date_gmt":"2016-05-24T10:00:43","guid":{"rendered":"http:\/\/www.bratislavadesignweek.sk\/?p=6060"},"modified":"2024-09-25T12:18:19","modified_gmt":"2024-09-25T10:18:19","slug":"ustav-interieru-a-vystavnictva-a-bcd-lab-fakulta-architektury-stu-bratislava","status":"publish","type":"post","link":"https:\/\/www.bratislavadesignweek.sk\/en\/ustav-interieru-a-vystavnictva-a-bcd-lab-fakulta-architektury-stu-bratislava\/","title":{"rendered":"\u00dastav interi\u00e9ru a v\u00fdstavn\u00edctva a BCD lab, Fakulta architekt\u00fary, STU Bratislava"},"content":{"rendered":"<p>[vc_column_text pb_margin_bottom=&#8220;no&#8220; pb_border_bottom=&#8220;no&#8220; width=&#8220;1\/3&#8243; el_position=&#8220;first&#8220;]<\/p>\n<p class=\"impact-text\">\u00dastav interi\u00e9ru a v\u00fdstav-<\/p>\n<p class=\"impact-text\">n\u00edctva a BCD lab, FA STU \/\u00a0WOOD-WOOL (WW)<\/p>\n<p>&nbsp;<\/p>\n<p>Projekt vznikol v spolupr\u00e1ci s firmou DEKOMA &#8211; dod\u00e1vate\u013eom \u010dal\u00fannick\u00fdch a bytov\u00fdch text\u00edli\u00ed. Je s\u00fa\u010das\u0165ou cyklu Small Smart Wooden vedenom Veronikou Kotradyovou a zameranom na pr\u00e1cu s mas\u00edvnym drevom. Aktu\u00e1lne bolo t\u00e9mou vytvori\u0165 mal\u00fd inteligentn\u00fd n\u00e1bytok v kombin\u00e1cii dreva a pr\u00edrodnej vlny, ktor\u00e1 je materi\u00e1lom s rovnako siln\u00fdm v\u00fdrazom. Z\u00fa\u010dastnen\u00ed \u0161tudenti: Katar\u00edna Kov\u00e1\u010dov\u00e1, Lucia Ko\u0161\u0165\u00e1lov\u00e1, Adam Janis, Dominika Podolsk\u00e1, Zuzana Kelemenov\u00e1, Martina Chlebni\u010danov\u00e1, Dominika Kraj\u010diov\u00e1,\u00a0Frederika Fa\u010dkovcov\u00e1, Zuzana Slez\u00e1kov\u00e1, Filip Ponechal.<\/p>\n<p>&nbsp;<\/p>\n<p>[button colour=\"grey\" type=\"0\u2033 size=\"small\" link=\"http:\/\/www.fa.stuba.sk\" target=\"_self\"]www.fa.stuba.sk[\/button]<\/p>\n<p>[button colour=&#8220;grey&#8220; type=&#8220;0&#8243; size=&#8220;small&#8220; link=&#8220;http:\/\/bcdlab.eu&#8220; target=&#8220;_self&#8220;]www.bcdlab.eu[\/button]<\/p>\n<p>[\/vc_column_text] [vc_column_text pb_margin_bottom=&#8220;no&#8220; pb_border_bottom=&#8220;no&#8220; width=&#8220;1\/2&#8243; el_position=&#8220;last&#8220;]<\/p>\n<p><a href=\"http:\/\/www.bratislavadesignweek.sk\/wp-content\/uploads\/2016\/05\/086-IMG_8582x.jpg\" rel=\"attachment wp-att-6061\"><img fetchpriority=\"high\" decoding=\"async\" class=\"alignnone size-large wp-image-6061\" src=\"http:\/\/www.bratislavadesignweek.sk\/wp-content\/uploads\/2016\/05\/086-IMG_8582x-683x1024.jpg\" alt=\"086-IMG_8582x\" width=\"683\" height=\"1024\" \/><\/a><\/p>\n<p>[\/vc_column_text]<\/p>","protected":false},"excerpt":{"rendered":"<p>[vc_column_text pb_margin_bottom=&#8220;no&#8220; pb_border_bottom=&#8220;no&#8220; width=&#8220;1\/3&#8243; el_position=&#8220;first&#8220;] \u00dastav interi\u00e9ru a v\u00fdstav- n\u00edctva a BCD lab, FA STU \/\u00a0WOOD-WOOL (WW) &nbsp; Projekt vznikol v spolupr\u00e1ci s firmou DEKOMA &#8211; dod\u00e1vate\u013eom \u010dal\u00fannick\u00fdch a bytov\u00fdch text\u00edli\u00ed. Je s\u00fa\u010das\u0165ou cyklu Small Smart Wooden vedenom Veronikou Kotradyovou a zameranom na pr\u00e1cu s mas\u00edvnym drevom. Aktu\u00e1lne bolo t\u00e9mou vytvori\u0165 mal\u00fd inteligentn\u00fd n\u00e1bytok v [&hellip;]<\/p>","protected":false},"author":5,"featured_media":0,"comment_status":"closed","ping_status":"closed","sticky":false,"template":"","format":"standard","meta":{"footnotes":""},"categories":[783,661],"tags":[715,716,717,549,714],"_links":{"self":[{"href":"https:\/\/www.bratislavadesignweek.sk\/en\/wp-json\/wp\/v2\/posts\/6060"}],"collection":[{"href":"https:\/\/www.bratislavadesignweek.sk\/en\/wp-json\/wp\/v2\/posts"}],"about":[{"href":"https:\/\/www.bratislavadesignweek.sk\/en\/wp-json\/wp\/v2\/types\/post"}],"author":[{"embeddable":true,"href":"https:\/\/www.bratislavadesignweek.sk\/en\/wp-json\/wp\/v2\/users\/5"}],"replies":[{"embeddable":true,"href":"https:\/\/www.bratislavadesignweek.sk\/en\/wp-json\/wp\/v2\/comments?post=6060"}],"version-history":[{"count":5,"href":"https:\/\/www.bratislavadesignweek.sk\/en\/wp-json\/wp\/v2\/posts\/6060\/revisions"}],"predecessor-version":[{"id":6066,"href":"https:\/\/www.bratislavadesignweek.sk\/en\/wp-json\/wp\/v2\/posts\/6060\/revisions\/6066"}],"wp:attachment":[{"href":"https:\/\/www.bratislavadesignweek.sk\/en\/wp-json\/wp\/v2\/media?parent=6060"}],"wp:term":[{"taxonomy":"category","embeddable":true,"href":"https:\/\/www.bratislavadesignweek.sk\/en\/wp-json\/wp\/v2\/categories?post=6060"},{"taxonomy":"post_tag","embeddable":true,"href":"https:\/\/www.bratislavadesignweek.sk\/en\/wp-json\/wp\/v2\/tags?post=6060"}],"curies":[{"name":"wp","href":"https:\/\/api.w.org\/{rel}","templated":true}]}}