{"id":6073,"date":"2016-05-24T11:34:55","date_gmt":"2016-05-24T10:34:55","guid":{"rendered":"http:\/\/www.bratislavadesignweek.sk\/?p=6073"},"modified":"2024-09-25T12:18:19","modified_gmt":"2024-09-25T10:18:19","slug":"atelier-transport-design-vsvu-bratislava","status":"publish","type":"post","link":"https:\/\/www.bratislavadesignweek.sk\/en\/atelier-transport-design-vsvu-bratislava\/","title":{"rendered":"Ateli\u00e9r\u00a0Transport design, V\u0160VU Bratislava"},"content":{"rendered":"<p>[vc_column_text pb_margin_bottom=&#8220;no&#8220; pb_border_bottom=&#8220;no&#8220; width=&#8220;1\/3&#8243; el_position=&#8220;first&#8220;]<\/p>\n<p class=\"impact-text\">Ateli\u00e9r Transport design \/ V\u0160VU Bratislava<\/p>\n<p>&nbsp;<\/p>\n<p>\u0160tudenti Ateli\u00e9ru Transport design bratislavskej V\u0160VU veden\u00e9ho Doc. Ing. \u0160tefanom Kleinom, akad. soch., predstavia bakal\u00e1rske pr\u00e1ce letn\u00e9ho semestra 2015\/2016. Svoje kreat\u00edvne myslenie uk\u00e1\u017eu na r\u00f4znych projektoch, medzi ktor\u00fdmi bude v\u00edzia aerodynamick\u00e9ho automobilu Tatra, experiment\u00e1lne vozidlo na Mars, elektrick\u00fd bicykel, ultra\u013eahk\u00e9 lietadlo a\u00a0in\u00e9 zauj\u00edmav\u00e9 projekty.<\/p>\n<p>&nbsp;<\/p>\n<p>[button colour=\"grey\" type=\"0\u2033 size=\"small\" link=\"http:\/\/www.vsvu.sk\" target=\"_self\"]www.vsvu.sk[\/button]<\/p>\n<p>[\/vc_column_text] [vc_column_text pb_margin_bottom=&#8220;no&#8220; pb_border_bottom=&#8220;no&#8220; width=&#8220;1\/2&#8243; el_position=&#8220;last&#8220;]<\/p>\n<p><a href=\"http:\/\/www.bratislavadesignweek.sk\/wp-content\/uploads\/2016\/05\/transport-design.jpg\" rel=\"attachment wp-att-6074\"><img fetchpriority=\"high\" decoding=\"async\" class=\"alignnone size-large wp-image-6074\" src=\"http:\/\/www.bratislavadesignweek.sk\/wp-content\/uploads\/2016\/05\/transport-design-1024x683.jpg\" alt=\"transport design\" width=\"1024\" height=\"683\" \/><\/a><\/p>\n<p>[\/vc_column_text]<\/p>","protected":false},"excerpt":{"rendered":"<p>[vc_column_text pb_margin_bottom=&#8220;no&#8220; pb_border_bottom=&#8220;no&#8220; width=&#8220;1\/3&#8243; el_position=&#8220;first&#8220;] Ateli\u00e9r Transport design \/ V\u0160VU Bratislava &nbsp; \u0160tudenti Ateli\u00e9ru Transport design bratislavskej V\u0160VU veden\u00e9ho Doc. Ing. \u0160tefanom Kleinom, akad. soch., predstavia bakal\u00e1rske pr\u00e1ce letn\u00e9ho semestra 2015\/2016. Svoje kreat\u00edvne myslenie uk\u00e1\u017eu na r\u00f4znych projektoch, medzi ktor\u00fdmi bude v\u00edzia aerodynamick\u00e9ho automobilu Tatra, experiment\u00e1lne vozidlo na Mars, elektrick\u00fd bicykel, ultra\u013eahk\u00e9 lietadlo a\u00a0in\u00e9 zauj\u00edmav\u00e9 [&hellip;]<\/p>","protected":false},"author":5,"featured_media":0,"comment_status":"closed","ping_status":"closed","sticky":false,"template":"","format":"standard","meta":{"footnotes":""},"categories":[783,661],"tags":[721,161],"_links":{"self":[{"href":"https:\/\/www.bratislavadesignweek.sk\/en\/wp-json\/wp\/v2\/posts\/6073"}],"collection":[{"href":"https:\/\/www.bratislavadesignweek.sk\/en\/wp-json\/wp\/v2\/posts"}],"about":[{"href":"https:\/\/www.bratislavadesignweek.sk\/en\/wp-json\/wp\/v2\/types\/post"}],"author":[{"embeddable":true,"href":"https:\/\/www.bratislavadesignweek.sk\/en\/wp-json\/wp\/v2\/users\/5"}],"replies":[{"embeddable":true,"href":"https:\/\/www.bratislavadesignweek.sk\/en\/wp-json\/wp\/v2\/comments?post=6073"}],"version-history":[{"count":1,"href":"https:\/\/www.bratislavadesignweek.sk\/en\/wp-json\/wp\/v2\/posts\/6073\/revisions"}],"predecessor-version":[{"id":6075,"href":"https:\/\/www.bratislavadesignweek.sk\/en\/wp-json\/wp\/v2\/posts\/6073\/revisions\/6075"}],"wp:attachment":[{"href":"https:\/\/www.bratislavadesignweek.sk\/en\/wp-json\/wp\/v2\/media?parent=6073"}],"wp:term":[{"taxonomy":"category","embeddable":true,"href":"https:\/\/www.bratislavadesignweek.sk\/en\/wp-json\/wp\/v2\/categories?post=6073"},{"taxonomy":"post_tag","embeddable":true,"href":"https:\/\/www.bratislavadesignweek.sk\/en\/wp-json\/wp\/v2\/tags?post=6073"}],"curies":[{"name":"wp","href":"https:\/\/api.w.org\/{rel}","templated":true}]}}