{"id":6079,"date":"2016-05-24T12:10:04","date_gmt":"2016-05-24T11:10:04","guid":{"rendered":"http:\/\/www.bratislavadesignweek.sk\/?p=6079"},"modified":"2024-09-25T12:18:19","modified_gmt":"2024-09-25T10:18:19","slug":"fakulta-architektury-stu-bratislava","status":"publish","type":"post","link":"https:\/\/www.bratislavadesignweek.sk\/en\/fakulta-architektury-stu-bratislava\/","title":{"rendered":"Fakulta architekt\u00fary, STU Bratislava"},"content":{"rendered":"<p>[vc_column_text pb_margin_bottom=&#8220;no&#8220; pb_border_bottom=&#8220;no&#8220; width=&#8220;1\/3&#8243; el_position=&#8220;first&#8220;]<\/p>\n<p class=\"impact-text\">FA STU \/<\/p>\n<p class=\"impact-text\">Herbert von Krochent\u00e1l<\/p>\n<p>&nbsp;<\/p>\n<p>Projekt vznikol v r\u00e1mci predmetu Aktu\u00e1lne trendy v dizajne na Fakulte architekt\u00fary STU. Prostredn\u00edctvom ru\u017eov\u00e9ho plastov\u00e9ho prasiatka menom Herbert von Krochent\u00e1l reagujeme na g\u00fd\u010d okolo n\u00e1s. Znakom g\u00fd\u010da b\u00fdva \u010dasto v\u00fdborne zvl\u00e1dnut\u00e9 remeslo, obsah v\u0161ak vykazuje ur\u010dit\u00fd stupe\u0148 nezrelosti autora. Prec\u00edzne prevedenie poukazuje na v\u00e1\u017enos\u0165, s akou pristupuje k dielu. Pre n\u00e1s je to nahr\u00e1vka na par\u00f3diu. Na\u0161im pracovn\u00fdm n\u00e1strojom je ir\u00f3nia a vtip a cie\u013eom je cvi\u010denie kritick\u00e9ho myslenia. Kritik je anonymn\u00fd a m\u00f4\u017ee sa ukry\u0165 za postavu Herberta. In\u0161tal\u00e1cia zah\u0155\u0148a fotografie (grafiky, kol\u00e1\u017ee&#8230;), reflektuj\u00face dianie v oblasti dizajnu, architekt\u00fary a tvorby \u017eivotn\u00e9ho priestoru.<\/p>\n<p>&nbsp;<\/p>\n<p>[button colour=&#8220;grey&#8220; type=&#8220;0&#8243; size=&#8220;small&#8220; link=&#8220;http:\/\/www.fa.stuba.sk\/&#8220; target=&#8220;_self&#8220;]www.fa.stuba.sk[\/button]<\/p>\n<p>[\/vc_column_text] [vc_column_text pb_margin_bottom=&#8220;no&#8220; pb_border_bottom=&#8220;no&#8220; width=&#8220;1\/2&#8243; el_position=&#8220;last&#8220;]<\/p>\n<p><a href=\"http:\/\/www.bratislavadesignweek.sk\/wp-content\/uploads\/2016\/05\/LOCI-005.jpg\" rel=\"attachment wp-att-6080\"><img fetchpriority=\"high\" decoding=\"async\" class=\"alignnone size-large wp-image-6080\" src=\"http:\/\/www.bratislavadesignweek.sk\/wp-content\/uploads\/2016\/05\/LOCI-005-1024x723.jpg\" alt=\"LOCI 005\" width=\"1024\" height=\"723\" \/><\/a><\/p>\n<p>[\/vc_column_text]<\/p>","protected":false},"excerpt":{"rendered":"<p>[vc_column_text pb_margin_bottom=&#8220;no&#8220; pb_border_bottom=&#8220;no&#8220; width=&#8220;1\/3&#8243; el_position=&#8220;first&#8220;] FA STU \/ Herbert von Krochent\u00e1l &nbsp; Projekt vznikol v r\u00e1mci predmetu Aktu\u00e1lne trendy v dizajne na Fakulte architekt\u00fary STU. Prostredn\u00edctvom ru\u017eov\u00e9ho plastov\u00e9ho prasiatka menom Herbert von Krochent\u00e1l reagujeme na g\u00fd\u010d okolo n\u00e1s. Znakom g\u00fd\u010da b\u00fdva \u010dasto v\u00fdborne zvl\u00e1dnut\u00e9 remeslo, obsah v\u0161ak vykazuje ur\u010dit\u00fd stupe\u0148 nezrelosti autora. Prec\u00edzne prevedenie poukazuje [&hellip;]<\/p>","protected":false},"author":5,"featured_media":0,"comment_status":"closed","ping_status":"closed","sticky":false,"template":"","format":"standard","meta":{"footnotes":""},"categories":[783,661],"tags":[716,723,717],"_links":{"self":[{"href":"https:\/\/www.bratislavadesignweek.sk\/en\/wp-json\/wp\/v2\/posts\/6079"}],"collection":[{"href":"https:\/\/www.bratislavadesignweek.sk\/en\/wp-json\/wp\/v2\/posts"}],"about":[{"href":"https:\/\/www.bratislavadesignweek.sk\/en\/wp-json\/wp\/v2\/types\/post"}],"author":[{"embeddable":true,"href":"https:\/\/www.bratislavadesignweek.sk\/en\/wp-json\/wp\/v2\/users\/5"}],"replies":[{"embeddable":true,"href":"https:\/\/www.bratislavadesignweek.sk\/en\/wp-json\/wp\/v2\/comments?post=6079"}],"version-history":[{"count":2,"href":"https:\/\/www.bratislavadesignweek.sk\/en\/wp-json\/wp\/v2\/posts\/6079\/revisions"}],"predecessor-version":[{"id":6086,"href":"https:\/\/www.bratislavadesignweek.sk\/en\/wp-json\/wp\/v2\/posts\/6079\/revisions\/6086"}],"wp:attachment":[{"href":"https:\/\/www.bratislavadesignweek.sk\/en\/wp-json\/wp\/v2\/media?parent=6079"}],"wp:term":[{"taxonomy":"category","embeddable":true,"href":"https:\/\/www.bratislavadesignweek.sk\/en\/wp-json\/wp\/v2\/categories?post=6079"},{"taxonomy":"post_tag","embeddable":true,"href":"https:\/\/www.bratislavadesignweek.sk\/en\/wp-json\/wp\/v2\/tags?post=6079"}],"curies":[{"name":"wp","href":"https:\/\/api.w.org\/{rel}","templated":true}]}}