{"id":6088,"date":"2016-05-24T12:44:04","date_gmt":"2016-05-24T11:44:04","guid":{"rendered":"http:\/\/www.bratislavadesignweek.sk\/?p=6088"},"modified":"2024-09-25T12:18:18","modified_gmt":"2024-09-25T10:18:18","slug":"eugen-paulovic-design-3","status":"publish","type":"post","link":"https:\/\/www.bratislavadesignweek.sk\/en\/eugen-paulovic-design-3\/","title":{"rendered":"Eugen Paulovi\u010d Design"},"content":{"rendered":"<p>[vc_column_text pb_margin_bottom=&#8220;no&#8220; pb_border_bottom=&#8220;no&#8220; width=&#8220;1\/3&#8243; el_position=&#8220;first&#8220;]<\/p>\n<p class=\"impact-text\">Eugen Paulovi\u010d Design<\/p>\n<p>&nbsp;<\/p>\n<p><b>TABLE CRANE<\/b><\/p>\n<p>Interi\u00e9rov\u00e9 stolov\u00e9 svietidlo in\u0161pirovan\u00e9 \u017eeriavom. Jeho z\u00e1klad tvor\u00ed bukov\u00e1 alebo dubov\u00e1 kon\u0161trukcia v tvare L. Dva ohybn\u00e9 k\u013aby umo\u017e\u0148uj\u00fa svietidlo polohova\u0165 a bet\u00f3nov\u00fd podstavec zabra\u0148uje mo\u017en\u00e9mu prevr\u00e1teniu. Ke\u010f\u017ee vo v\u00fdbave svietidla nie je tienidlo, \u017eiarovka je neosl\u0148uj\u00faca. Celkov\u00fd vzh\u013ead tohto industri\u00e1lneho produktu dop\u013a\u0148aj\u00fa farebn\u00e9 k\u00e1ble od firmy Arli.<\/p>\n<p>&nbsp;<\/p>\n<p><strong>STASH design for pets<\/strong><\/p>\n<p>Pelech pre dom\u00e1cich mil\u00e1\u010dikov v podobe \u00fatuln\u00e9ho dom\u010deka ur\u010den\u00e9ho do interi\u00e9ru. Tvor\u00ed ho bukov\u00e1 kon\u0161trukcia, textiln\u00fd po\u0165ah na such\u00fd zips a vank\u00fa\u0161 s oblie\u010dkou. Stash sl\u00fa\u017ei s\u00fa\u010dasne ako origin\u00e1lny interi\u00e9rov\u00fd doplnok.<\/p>\n<p>&nbsp;<\/p>\n<p>[button colour=&#8220;grey&#8220; type=&#8220;0&#8243; size=&#8220;small&#8220; link=&#8220;http:\/\/www.eugenpaulovic.sk\/&#8220; target=&#8220;_self&#8220;]www.eugenpaulovic.sk[\/button]<\/p>\n<p>[\/vc_column_text] [vc_column_text pb_margin_bottom=&#8220;no&#8220; pb_border_bottom=&#8220;no&#8220; width=&#8220;1\/2&#8243; el_position=&#8220;last&#8220;]<\/p>\n<p><a href=\"http:\/\/www.bratislavadesignweek.sk\/wp-content\/uploads\/2016\/05\/table-crane3.jpg\" rel=\"attachment wp-att-6090\"><img fetchpriority=\"high\" decoding=\"async\" class=\"alignnone size-large wp-image-6090\" src=\"http:\/\/www.bratislavadesignweek.sk\/wp-content\/uploads\/2016\/05\/table-crane3-768x1024.jpg\" alt=\"table crane3\" width=\"768\" height=\"1024\" \/><\/a><\/p>\n<p><a href=\"http:\/\/www.bratislavadesignweek.sk\/wp-content\/uploads\/2016\/05\/paulovic.jpg\" rel=\"attachment wp-att-6089\"><img decoding=\"async\" class=\"alignnone size-large wp-image-6089\" src=\"http:\/\/www.bratislavadesignweek.sk\/wp-content\/uploads\/2016\/05\/paulovic-1024x808.jpg\" alt=\"paulovic\" width=\"1024\" height=\"808\" \/><\/a><\/p>\n<p>[\/vc_column_text]<\/p>\n<p class=\"impact-text\">","protected":false},"excerpt":{"rendered":"<p>[vc_column_text pb_margin_bottom=&#8220;no&#8220; pb_border_bottom=&#8220;no&#8220; width=&#8220;1\/3&#8243; el_position=&#8220;first&#8220;] Eugen Paulovi\u010d Design &nbsp; TABLE CRANE Interi\u00e9rov\u00e9 stolov\u00e9 svietidlo in\u0161pirovan\u00e9 \u017eeriavom. Jeho z\u00e1klad tvor\u00ed bukov\u00e1 alebo dubov\u00e1 kon\u0161trukcia v tvare L. Dva ohybn\u00e9 k\u013aby umo\u017e\u0148uj\u00fa svietidlo polohova\u0165 a bet\u00f3nov\u00fd podstavec zabra\u0148uje mo\u017en\u00e9mu prevr\u00e1teniu. Ke\u010f\u017ee vo v\u00fdbave svietidla nie je tienidlo, \u017eiarovka je neosl\u0148uj\u00faca. Celkov\u00fd vzh\u013ead tohto industri\u00e1lneho produktu dop\u013a\u0148aj\u00fa farebn\u00e9 [&hellip;]<\/p>","protected":false},"author":5,"featured_media":0,"comment_status":"closed","ping_status":"closed","sticky":false,"template":"","format":"standard","meta":{"footnotes":""},"categories":[783,660],"tags":[727,726,725],"_links":{"self":[{"href":"https:\/\/www.bratislavadesignweek.sk\/en\/wp-json\/wp\/v2\/posts\/6088"}],"collection":[{"href":"https:\/\/www.bratislavadesignweek.sk\/en\/wp-json\/wp\/v2\/posts"}],"about":[{"href":"https:\/\/www.bratislavadesignweek.sk\/en\/wp-json\/wp\/v2\/types\/post"}],"author":[{"embeddable":true,"href":"https:\/\/www.bratislavadesignweek.sk\/en\/wp-json\/wp\/v2\/users\/5"}],"replies":[{"embeddable":true,"href":"https:\/\/www.bratislavadesignweek.sk\/en\/wp-json\/wp\/v2\/comments?post=6088"}],"version-history":[{"count":7,"href":"https:\/\/www.bratislavadesignweek.sk\/en\/wp-json\/wp\/v2\/posts\/6088\/revisions"}],"predecessor-version":[{"id":6097,"href":"https:\/\/www.bratislavadesignweek.sk\/en\/wp-json\/wp\/v2\/posts\/6088\/revisions\/6097"}],"wp:attachment":[{"href":"https:\/\/www.bratislavadesignweek.sk\/en\/wp-json\/wp\/v2\/media?parent=6088"}],"wp:term":[{"taxonomy":"category","embeddable":true,"href":"https:\/\/www.bratislavadesignweek.sk\/en\/wp-json\/wp\/v2\/categories?post=6088"},{"taxonomy":"post_tag","embeddable":true,"href":"https:\/\/www.bratislavadesignweek.sk\/en\/wp-json\/wp\/v2\/tags?post=6088"}],"curies":[{"name":"wp","href":"https:\/\/api.w.org\/{rel}","templated":true}]}}