{"id":6116,"date":"2016-05-24T13:55:12","date_gmt":"2016-05-24T12:55:12","guid":{"rendered":"http:\/\/www.bratislavadesignweek.sk\/?p=6116"},"modified":"2024-09-25T12:18:18","modified_gmt":"2024-09-25T10:18:18","slug":"antalis-3","status":"publish","type":"post","link":"https:\/\/www.bratislavadesignweek.sk\/en\/antalis-3\/","title":{"rendered":"Antalis"},"content":{"rendered":"<p>[vc_column_text pb_margin_bottom=&#8220;no&#8220; pb_border_bottom=&#8220;no&#8220; width=&#8220;1\/2&#8243; el_position=&#8220;first&#8220;]<\/p>\n<p class=\"impact-text\">Antalis<\/p>\n<p>&nbsp;<\/p>\n<p>Popredn\u00fd svetov\u00fd distrib\u00fator papiera, obalov\u00fdch rie\u0161en\u00ed a produktov pre vizu\u00e1lnu komunik\u00e1ciu, ktor\u00fd u\u017e 20 rokov prin\u00e1\u0161a novinky na slovensk\u00fd trh.<\/p>\n<p>V na\u0161om portf\u00f3liu n\u00e1jdete \u0161irok\u00fa \u0161k\u00e1lu papierov a materi\u00e1lov pre spracovanie a tla\u010d, \u0161pi\u010dkov\u00e9 kreat\u00edvne papiere, zauj\u00edmav\u00e9 pre grafick\u00fd dizajn, ekologick\u00e9 a recyklovan\u00e9 papiere s certifik\u00e1tmi, ve\u013ekoplo\u0161n\u00e9 materi\u00e1ly vhodn\u00e9 pre interi\u00e9rov\u00fd a exteri\u00e9rov\u00fd dizajn, obalov\u00e9 materi\u00e1ly a mnoho \u010fal\u0161\u00edch produktov.<\/p>\n<p>Nechajte sa in\u0161pirova\u0165 uk\u00e1\u017ekami kreat\u00edvnych aplik\u00e1cii, vytvoren\u00fdch z na\u0161ich materi\u00e1lov, v preveden\u00ed \u0161pi\u010dkov\u00fdch slovensk\u00fdch i svetov\u00fdch grafikov a tla\u010diarov.<\/p>\n<p>&nbsp;<\/p>\n<p>[button colour=&#8220;grey&#8220; type=&#8220;0&#8243; size=&#8220;small&#8220; link=&#8220;http:\/\/www.antalis.sk\/business\/home.htm&#8220; target=&#8220;_self&#8220;]www.antalis.sk[\/button]<\/p>\n<p>[\/vc_column_text] [vc_column_text pb_margin_bottom=&#8220;no&#8220; pb_border_bottom=&#8220;no&#8220; width=&#8220;1\/2&#8243; el_position=&#8220;last&#8220;]<\/p>\n<p><a href=\"http:\/\/www.bratislavadesignweek.sk\/wp-content\/uploads\/2016\/05\/cube_Antalis-logo.jpg\" rel=\"attachment wp-att-6112\"><img fetchpriority=\"high\" decoding=\"async\" class=\"alignnone size-large wp-image-6112\" src=\"http:\/\/www.bratislavadesignweek.sk\/wp-content\/uploads\/2016\/05\/cube_Antalis-logo-1024x902.jpg\" alt=\"cube_Antalis-logo\" width=\"1024\" height=\"902\" \/><\/a><\/p>\n<p>[\/vc_column_text]<\/p>","protected":false},"excerpt":{"rendered":"<p>[vc_column_text pb_margin_bottom=&#8220;no&#8220; pb_border_bottom=&#8220;no&#8220; width=&#8220;1\/2&#8243; el_position=&#8220;first&#8220;] Antalis &nbsp; Popredn\u00fd svetov\u00fd distrib\u00fator papiera, obalov\u00fdch rie\u0161en\u00ed a produktov pre vizu\u00e1lnu komunik\u00e1ciu, ktor\u00fd u\u017e 20 rokov prin\u00e1\u0161a novinky na slovensk\u00fd trh. V na\u0161om portf\u00f3liu n\u00e1jdete \u0161irok\u00fa \u0161k\u00e1lu papierov a materi\u00e1lov pre spracovanie a tla\u010d, \u0161pi\u010dkov\u00e9 kreat\u00edvne papiere, zauj\u00edmav\u00e9 pre grafick\u00fd dizajn, ekologick\u00e9 a recyklovan\u00e9 papiere s certifik\u00e1tmi, ve\u013ekoplo\u0161n\u00e9 materi\u00e1ly [&hellip;]<\/p>","protected":false},"author":5,"featured_media":0,"comment_status":"closed","ping_status":"closed","sticky":false,"template":"","format":"standard","meta":{"footnotes":""},"categories":[783,752],"tags":[406],"_links":{"self":[{"href":"https:\/\/www.bratislavadesignweek.sk\/en\/wp-json\/wp\/v2\/posts\/6116"}],"collection":[{"href":"https:\/\/www.bratislavadesignweek.sk\/en\/wp-json\/wp\/v2\/posts"}],"about":[{"href":"https:\/\/www.bratislavadesignweek.sk\/en\/wp-json\/wp\/v2\/types\/post"}],"author":[{"embeddable":true,"href":"https:\/\/www.bratislavadesignweek.sk\/en\/wp-json\/wp\/v2\/users\/5"}],"replies":[{"embeddable":true,"href":"https:\/\/www.bratislavadesignweek.sk\/en\/wp-json\/wp\/v2\/comments?post=6116"}],"version-history":[{"count":2,"href":"https:\/\/www.bratislavadesignweek.sk\/en\/wp-json\/wp\/v2\/posts\/6116\/revisions"}],"predecessor-version":[{"id":6245,"href":"https:\/\/www.bratislavadesignweek.sk\/en\/wp-json\/wp\/v2\/posts\/6116\/revisions\/6245"}],"wp:attachment":[{"href":"https:\/\/www.bratislavadesignweek.sk\/en\/wp-json\/wp\/v2\/media?parent=6116"}],"wp:term":[{"taxonomy":"category","embeddable":true,"href":"https:\/\/www.bratislavadesignweek.sk\/en\/wp-json\/wp\/v2\/categories?post=6116"},{"taxonomy":"post_tag","embeddable":true,"href":"https:\/\/www.bratislavadesignweek.sk\/en\/wp-json\/wp\/v2\/tags?post=6116"}],"curies":[{"name":"wp","href":"https:\/\/api.w.org\/{rel}","templated":true}]}}