{"id":6127,"date":"2016-06-08T15:29:52","date_gmt":"2016-06-08T14:29:52","guid":{"rendered":"http:\/\/www.bratislavadesignweek.sk\/?p=6127"},"modified":"2024-09-25T12:18:53","modified_gmt":"2024-09-25T10:18:53","slug":"jonas-gruska","status":"publish","type":"post","link":"https:\/\/www.bratislavadesignweek.sk\/en\/jonas-gruska\/","title":{"rendered":"Jon\u00e1\u0161 Gruska"},"content":{"rendered":"<p>[vc_column_text pb_margin_bottom=&#8220;no&#8220; pb_border_bottom=&#8220;no&#8220; width=&#8220;1\/2&#8243; el_position=&#8220;first&#8220;]<\/p>\n<p class=\"impact-text\">Jon\u00e1\u0161 Gruska \/ Elektromagne-<br \/>\ntick\u00fd trolejbus<\/p>\n<p>&nbsp;<\/p>\n<p><strong>Do\u010dasn\u00e1 zvukov\u00e1 in\u0161tal\u00e1cia spojen\u00e1 s performance v trolejbuse mestskej hromadnej dopravy.<\/strong><\/p>\n<p><strong>Sobota 11.6., 16.00 &#8211; 18.00<\/strong><\/p>\n<p>\u0160peci\u00e1lne zariadenia, &#8222;Elektrosluchy&#8220;, umiestnen\u00e9 v priestoroch vozidla sn\u00edmaj\u00fa elektromagnetick\u00e9 \u017eiarenie (ktor\u00e9 nec\u00edtime ani nepo\u010dujeme) a premie\u0148aj\u00fa ho na zvuk. Odha\u013eujeme tak in\u00fa, skryt\u00fa dimenziu na\u0161ej reality, ktor\u00e1 sa n\u00e1s bytostne dot\u00fdka, no jednak zost\u00e1va nevidite\u013en\u00e1 a nepo\u010dut\u00e1. S\u00fa\u010das\u0165ou in\u0161tal\u00e1cie m\u00f4\u017ee by\u0165 \u017eiv\u00e9 vyst\u00fapenie, po\u010das ktor\u00e9ho by som chodil po trolejbuse a &#8222;kur\u00e1toroval&#8220; posluchov\u00fd z\u00e1\u017eitok obecenstva premiest\u0148ovan\u00edm Elektrosluchov.<\/p>\n<p>&nbsp;<\/p>\n<p>[button colour=&#8220;grey&#8220; type=&#8220;0&#8243; size=&#8220;small&#8220; link=&#8220;http:\/\/jonasgru.sk&#8220; target=&#8220;_self&#8220;]www.jonasgru.sk[\/button]<\/p>\n<p>[button colour=&#8220;grey&#8220; type=&#8220;0&#8243; size=&#8220;small&#8220; link=&#8220;https:\/\/soundcloud.com\/jonas-gruska\/electromagnetic-bus&#8220; target=&#8220;_self&#8220;]www.soundcloud.com[\/button]<\/p>\n<p>&nbsp;<\/p>\n<p>[\/vc_column_text] [vc_column_text pb_margin_bottom=&#8220;no&#8220; pb_border_bottom=&#8220;no&#8220; width=&#8220;1\/2&#8243; el_position=&#8220;last&#8220;]<\/p>\n<p><a href=\"http:\/\/www.bratislavadesignweek.sk\/wp-content\/uploads\/2016\/05\/13396507_10156969575820621_828656841_o.png.jpeg\"><img fetchpriority=\"high\" decoding=\"async\" class=\"alignnone size-large wp-image-6461\" src=\"http:\/\/www.bratislavadesignweek.sk\/wp-content\/uploads\/2016\/05\/13396507_10156969575820621_828656841_o.png-1024x993.jpeg\" alt=\"13396507_10156969575820621_828656841_o.png\" width=\"1024\" height=\"993\" \/><\/a><\/p>\n<p>&nbsp;<\/p>\n<p>[\/vc_column_text]<\/p>","protected":false},"excerpt":{"rendered":"<p>[vc_column_text pb_margin_bottom=&#8220;no&#8220; pb_border_bottom=&#8220;no&#8220; width=&#8220;1\/2&#8243; el_position=&#8220;first&#8220;] Jon\u00e1\u0161 Gruska \/ Elektromagne- tick\u00fd trolejbus &nbsp; Do\u010dasn\u00e1 zvukov\u00e1 in\u0161tal\u00e1cia spojen\u00e1 s performance v trolejbuse mestskej hromadnej dopravy. Sobota 11.6., 16.00 &#8211; 18.00 \u0160peci\u00e1lne zariadenia, &#8222;Elektrosluchy&#8220;, umiestnen\u00e9 v priestoroch vozidla sn\u00edmaj\u00fa elektromagnetick\u00e9 \u017eiarenie (ktor\u00e9 nec\u00edtime ani nepo\u010dujeme) a premie\u0148aj\u00fa ho na zvuk. Odha\u013eujeme tak in\u00fa, skryt\u00fa dimenziu na\u0161ej reality, ktor\u00e1 [&hellip;]<\/p>","protected":false},"author":5,"featured_media":0,"comment_status":"closed","ping_status":"closed","sticky":false,"template":"","format":"standard","meta":{"footnotes":""},"categories":[634,783],"tags":[733,732],"_links":{"self":[{"href":"https:\/\/www.bratislavadesignweek.sk\/en\/wp-json\/wp\/v2\/posts\/6127"}],"collection":[{"href":"https:\/\/www.bratislavadesignweek.sk\/en\/wp-json\/wp\/v2\/posts"}],"about":[{"href":"https:\/\/www.bratislavadesignweek.sk\/en\/wp-json\/wp\/v2\/types\/post"}],"author":[{"embeddable":true,"href":"https:\/\/www.bratislavadesignweek.sk\/en\/wp-json\/wp\/v2\/users\/5"}],"replies":[{"embeddable":true,"href":"https:\/\/www.bratislavadesignweek.sk\/en\/wp-json\/wp\/v2\/comments?post=6127"}],"version-history":[{"count":16,"href":"https:\/\/www.bratislavadesignweek.sk\/en\/wp-json\/wp\/v2\/posts\/6127\/revisions"}],"predecessor-version":[{"id":6469,"href":"https:\/\/www.bratislavadesignweek.sk\/en\/wp-json\/wp\/v2\/posts\/6127\/revisions\/6469"}],"wp:attachment":[{"href":"https:\/\/www.bratislavadesignweek.sk\/en\/wp-json\/wp\/v2\/media?parent=6127"}],"wp:term":[{"taxonomy":"category","embeddable":true,"href":"https:\/\/www.bratislavadesignweek.sk\/en\/wp-json\/wp\/v2\/categories?post=6127"},{"taxonomy":"post_tag","embeddable":true,"href":"https:\/\/www.bratislavadesignweek.sk\/en\/wp-json\/wp\/v2\/tags?post=6127"}],"curies":[{"name":"wp","href":"https:\/\/api.w.org\/{rel}","templated":true}]}}