{"id":6145,"date":"2016-05-24T16:06:03","date_gmt":"2016-05-24T15:06:03","guid":{"rendered":"http:\/\/www.bratislavadesignweek.sk\/?p=6145"},"modified":"2024-09-25T12:18:18","modified_gmt":"2024-09-25T10:18:18","slug":"kontrast-mobilier-design","status":"publish","type":"post","link":"https:\/\/www.bratislavadesignweek.sk\/en\/kontrast-mobilier-design\/","title":{"rendered":"Contrast \/ Mobilier Design"},"content":{"rendered":"<p>[vc_column_text pb_margin_bottom=&#8220;no&#8220; pb_border_bottom=&#8220;no&#8220; width=&#8220;1\/2&#8243; el_position=&#8220;first&#8220;]<\/p>\n<p class=\"impact-text\">Contrast \/ Mobilier Design<\/p>\n<p>&nbsp;<\/p>\n<p>For Mobilier Design, the products of the Kontrast studio represent a creation that doesn't end on paper, with a visualisation or the submission of a design. The studio's work continues with an intense interest in the product's future life after the design work is complete - especially in the areas of development, marketing and PR. Kontrast s.r.o. was founded by designers Pavol Rapco and Du\u0161an Ko\u0161l\u00edk, graduates of TU Zvolen. In addition to interior design, the company is increasingly devoted to furniture design. Since 2012 it has been cooperating with Mobilier Design, a specialist in seating furniture. On the basis of this cooperation, a number of designs and several products have been put on sale.<\/p>\n<p>&nbsp;<\/p>\n<p>[button colour=\"grey\" type=\"0\u2033 size=\"small\" link=\"http:\/\/www.mobilier-design.sk\" target=\"_self\"]www.mobilier-design.sk[\/button]<\/p>\n<p>[\/vc_column_text] [vc_column_text pb_margin_bottom=&#8220;no&#8220; pb_border_bottom=&#8220;no&#8220; width=&#8220;1\/2&#8243; el_position=&#8220;last&#8220;]<\/p>\n<p><a href=\"http:\/\/www.bratislavadesignweek.sk\/wp-content\/uploads\/2016\/05\/edited3.jpg\" rel=\"attachment wp-att-6146\"><img fetchpriority=\"high\" decoding=\"async\" class=\"alignnone size-large wp-image-6146\" src=\"http:\/\/www.bratislavadesignweek.sk\/wp-content\/uploads\/2016\/05\/edited3-1024x439.jpg\" alt=\"edited3\" width=\"1024\" height=\"439\" \/><\/a><\/p>\n<p>[\/vc_column_text]<\/p>","protected":false},"excerpt":{"rendered":"<p>[vc_column_text pb_margin_bottom=&#8220;no&#8220; pb_border_bottom=&#8220;no&#8220; width=&#8220;1\/2&#8243; el_position=&#8220;first&#8220;] Kontrast \/ Mobilier Design &nbsp; Produkty ateli\u00e9ru Kontrast pre spolo\u010dnos\u0165 Mobilier Design reprezentuj\u00fa tvorbu, ktor\u00e1 nekon\u010d\u00ed na papieri, vizualiz\u00e1ciou alebo odovzdan\u00edm n\u00e1vrhu. Pr\u00e1ca ateli\u00e9ru pokra\u010duje intenz\u00edvnym z\u00e1ujmom o \u010fal\u0161\u00ed \u017eivot produktu po skon\u010den\u00ed n\u00e1vrhov\u00fdch pr\u00e1c \u2013 hlavne v oblasti v\u00fdvoja, marketingu a PR. Spolo\u010dnos\u0165\u00a0Kontrast s. r. o. zalo\u017eili dizajn\u00e9ri Pavol [&hellip;]<\/p>","protected":false},"author":5,"featured_media":0,"comment_status":"closed","ping_status":"closed","sticky":false,"template":"","format":"standard","meta":{"footnotes":""},"categories":[783,660],"tags":[742,743,741],"_links":{"self":[{"href":"https:\/\/www.bratislavadesignweek.sk\/en\/wp-json\/wp\/v2\/posts\/6145"}],"collection":[{"href":"https:\/\/www.bratislavadesignweek.sk\/en\/wp-json\/wp\/v2\/posts"}],"about":[{"href":"https:\/\/www.bratislavadesignweek.sk\/en\/wp-json\/wp\/v2\/types\/post"}],"author":[{"embeddable":true,"href":"https:\/\/www.bratislavadesignweek.sk\/en\/wp-json\/wp\/v2\/users\/5"}],"replies":[{"embeddable":true,"href":"https:\/\/www.bratislavadesignweek.sk\/en\/wp-json\/wp\/v2\/comments?post=6145"}],"version-history":[{"count":5,"href":"https:\/\/www.bratislavadesignweek.sk\/en\/wp-json\/wp\/v2\/posts\/6145\/revisions"}],"predecessor-version":[{"id":6234,"href":"https:\/\/www.bratislavadesignweek.sk\/en\/wp-json\/wp\/v2\/posts\/6145\/revisions\/6234"}],"wp:attachment":[{"href":"https:\/\/www.bratislavadesignweek.sk\/en\/wp-json\/wp\/v2\/media?parent=6145"}],"wp:term":[{"taxonomy":"category","embeddable":true,"href":"https:\/\/www.bratislavadesignweek.sk\/en\/wp-json\/wp\/v2\/categories?post=6145"},{"taxonomy":"post_tag","embeddable":true,"href":"https:\/\/www.bratislavadesignweek.sk\/en\/wp-json\/wp\/v2\/tags?post=6145"}],"curies":[{"name":"wp","href":"https:\/\/api.w.org\/{rel}","templated":true}]}}