{"id":6150,"date":"2016-05-24T16:12:28","date_gmt":"2016-05-24T15:12:28","guid":{"rendered":"http:\/\/www.bratislavadesignweek.sk\/?p=6150"},"modified":"2024-09-25T12:18:18","modified_gmt":"2024-09-25T10:18:18","slug":"kontrast-mobilier-design-2","status":"publish","type":"post","link":"https:\/\/www.bratislavadesignweek.sk\/en\/kontrast-mobilier-design-2\/","title":{"rendered":"Contrast \/ Mobilier Design"},"content":{"rendered":"<p>[vc_column_text pb_margin_bottom=&#8220;no&#8220; pb_border_bottom=&#8220;no&#8220; width=&#8220;1\/2&#8243; el_position=&#8220;first&#8220;]<\/p>\n<p class=\"impact-text\">Contrast \/ Mobilier Design<\/p>\n<p>&nbsp;<\/p>\n<p>Products of the Kontrast atelier for the Mobilier Design company represent a creation that doesn\u2019t finish its life as a plan, visualisation, nor handing-over the project. The atelier\u2019s work continues after the creating part, with commitment in the developing, marketing, and PR sphere, to make sure on the product\u2019s future life. The Kontrast company was founded by Pavol Rapco and Du\u0161an Ko\u0161l\u00edk, both designers and graduates of the Technical University in Zvolen. Aside from the atelier\u2019s projects, the company is dedicated also to furniture projects. Since 2012, it cooperates with the Mobilier Design company which is a specialist in seating furniture. Due to the collaboration, many projects and a few products were created for market.<\/p>\n<p>&nbsp;<\/p>\n<p>[button colour=\"grey\" type=\"0\u2033 size=\"small\" link=\"http:\/\/www.mobilier-design.sk\" target=\"_self\"]www.mobilier-design.sk[\/button]<\/p>\n<p>[\/vc_column_text] [vc_column_text pb_margin_bottom=&#8220;no&#8220; pb_border_bottom=&#8220;no&#8220; width=&#8220;1\/2&#8243; el_position=&#8220;last&#8220;]<\/p>\n<p><a href=\"http:\/\/www.bratislavadesignweek.sk\/wp-content\/uploads\/2016\/05\/edited3.jpg\" rel=\"attachment wp-att-6146\"><img fetchpriority=\"high\" decoding=\"async\" class=\"alignnone size-large wp-image-6146\" src=\"http:\/\/www.bratislavadesignweek.sk\/wp-content\/uploads\/2016\/05\/edited3-1024x439.jpg\" alt=\"edited3\" width=\"1024\" height=\"439\" \/><\/a><\/p>\n<p>[\/vc_column_text]<\/p>","protected":false},"excerpt":{"rendered":"<p>[vc_column_text pb_margin_bottom=&#8220;no&#8220; pb_border_bottom=&#8220;no&#8220; width=&#8220;1\/2&#8243; el_position=&#8220;first&#8220;] Kontrast \/ Mobilier Design &nbsp; Products of the Kontrast atelier for the Mobilier Design company represent a creation that doesn\u2019t finish its life as a plan, visualisation, nor handing-over the project. The atelier\u2019s work continues after the creating part, with commitment in the developing, marketing, and PR sphere, to make [&hellip;]<\/p>","protected":false},"author":5,"featured_media":0,"comment_status":"closed","ping_status":"closed","sticky":false,"template":"","format":"standard","meta":{"footnotes":""},"categories":[783,664],"tags":[742,740,741],"_links":{"self":[{"href":"https:\/\/www.bratislavadesignweek.sk\/en\/wp-json\/wp\/v2\/posts\/6150"}],"collection":[{"href":"https:\/\/www.bratislavadesignweek.sk\/en\/wp-json\/wp\/v2\/posts"}],"about":[{"href":"https:\/\/www.bratislavadesignweek.sk\/en\/wp-json\/wp\/v2\/types\/post"}],"author":[{"embeddable":true,"href":"https:\/\/www.bratislavadesignweek.sk\/en\/wp-json\/wp\/v2\/users\/5"}],"replies":[{"embeddable":true,"href":"https:\/\/www.bratislavadesignweek.sk\/en\/wp-json\/wp\/v2\/comments?post=6150"}],"version-history":[{"count":2,"href":"https:\/\/www.bratislavadesignweek.sk\/en\/wp-json\/wp\/v2\/posts\/6150\/revisions"}],"predecessor-version":[{"id":6233,"href":"https:\/\/www.bratislavadesignweek.sk\/en\/wp-json\/wp\/v2\/posts\/6150\/revisions\/6233"}],"wp:attachment":[{"href":"https:\/\/www.bratislavadesignweek.sk\/en\/wp-json\/wp\/v2\/media?parent=6150"}],"wp:term":[{"taxonomy":"category","embeddable":true,"href":"https:\/\/www.bratislavadesignweek.sk\/en\/wp-json\/wp\/v2\/categories?post=6150"},{"taxonomy":"post_tag","embeddable":true,"href":"https:\/\/www.bratislavadesignweek.sk\/en\/wp-json\/wp\/v2\/tags?post=6150"}],"curies":[{"name":"wp","href":"https:\/\/api.w.org\/{rel}","templated":true}]}}