{"id":6163,"date":"2016-05-25T12:05:14","date_gmt":"2016-05-25T11:05:14","guid":{"rendered":"http:\/\/www.bratislavadesignweek.sk\/?p=6163"},"modified":"2024-09-25T12:18:18","modified_gmt":"2024-09-25T10:18:18","slug":"diskusia","status":"publish","type":"post","link":"https:\/\/www.bratislavadesignweek.sk\/en\/diskusia\/","title":{"rendered":"Diskusia"},"content":{"rendered":"<p>[vc_column_text pb_margin_bottom=&#8220;no&#8220; pb_border_bottom=&#8220;no&#8220; width=&#8220;1\/2&#8243; el_position=&#8220;first&#8220;]<\/p>\n<p class=\"impact-text\">Do bat\u00f4\u017eka si nalo\u017e<\/p>\n<p>&nbsp;<\/p>\n<p>&#8222;Mus\u00edte vyrie\u0161i\u0165 cig\u00e1nsky probl\u00e9m. Ak ho nevyrie\u0161ite, skon\u010d\u00edte ako my.&#8220;<\/p>\n<p>Povedal predseda vl\u00e1dy SSR Jozef Hrivn\u00e1k v s\u00fakromnom rozhovore s J\u00e1nom Budajom po skon\u010den\u00ed historicky prv\u00e9ho rokovania medzi komunistami a l\u00eddrami revol\u00facie v novembri 1989.<\/p>\n<p>T\u00e1to spomienka J\u00e1na Budaja ve\u013ea vysvet\u013euje. Bol to jedin\u00fd odkaz, ktor\u00fd chcel vtedaj\u0161\u00ed komunistick\u00fd premi\u00e9r \u0161peci\u00e1lne zd\u00f4razni\u0165 a odovzda\u0165 predstavite\u013eom novej moci &#8211; a teda &#8222;cig\u00e1nsky probl\u00e9m&#8220; bol ten pomyseln\u00fd \u0161tafetov\u00fd kol\u00edk, ktor\u00fd odovzdala star\u00e1 moc novej.<\/p>\n<p>\u017dia\u013e, odvtedy sa situ\u00e1cia len zhor\u0161uje. Fa\u0161isti to dotiahli zo \u017eupy do parlamentu a pod\u010diarkli tak neo\u013eud\u00e1cky princ\u00edp v slovenskej politike, ktor\u00fd inak funguje u\u017e 25 rokov. \u0160kolsk\u00fd syst\u00e9m nedok\u00e1zal vytvori\u0165 hodnotov\u00fa protiv\u00e1hu prejavom nacionalizmu a rasizmu. Ute\u010dencov nechceme, lebo si never\u00edme, \u017ee to zvl\u00e1dneme. M\u00e1me dos\u0165 svojich probl\u00e9mov s R\u00f3mami, hovor\u00ed napr\u00edklad premi\u00e9r Vl\u00e1dy SR.<\/p>\n<p>Tak\u00fd bude r\u00e1mec debaty, v ktorej vyst\u00fapia:<\/p>\n<p>Zuzana \u0160tevulov\u00e1, pr\u00e1vni\u010dka a riadite\u013eka OZ Liga za \u013eudsk\u00e9 pr\u00e1va,\u00a0Vlado Rafael, doktor pedagogiky a riadite\u013e OZ Eduroma a\u00a0Michal Va\u0161e\u010dka, sociol\u00f3g a pedag\u00f3g na Masarykovej univerzite v Brne<\/p>\n<p>Moderuje: Fedor Bla\u0161\u010d\u00e1k<\/p>\n<p>Zastavte sa na ceste mestom.<\/p>\n<p>Vstup vo\u013en\u00fd.<\/p>\n<p>&nbsp;<\/p>\n<p>[button colour=&#8220;grey&#8220; type=&#8220;0&#8243; size=&#8220;small&#8220; link=&#8220;https:\/\/www.facebook.com\/events\/552058628331643\/&#8220; target=&#8220;_self&#8220;]www.facebook.com[\/button]<\/p>\n<p>[\/vc_column_text] [vc_column_text pb_margin_bottom=&#8220;no&#8220; pb_border_bottom=&#8220;no&#8220; width=&#8220;1\/2&#8243; el_position=&#8220;last&#8220;]<\/p>\n<p><a href=\"http:\/\/www.bratislavadesignweek.sk\/wp-content\/uploads\/2016\/05\/DSC_7954-1.jpg\" rel=\"attachment wp-att-6165\"><img fetchpriority=\"high\" decoding=\"async\" class=\"alignnone size-large wp-image-6165\" src=\"http:\/\/www.bratislavadesignweek.sk\/wp-content\/uploads\/2016\/05\/DSC_7954-1-819x1024.jpg\" alt=\"DSC_7954\" width=\"819\" height=\"1024\" \/><\/a><\/p>\n<p>Foto (c) Robert Tappert<\/p>\n<p>[\/vc_column_text]<\/p>","protected":false},"excerpt":{"rendered":"<p>[vc_column_text pb_margin_bottom=&#8220;no&#8220; pb_border_bottom=&#8220;no&#8220; width=&#8220;1\/2&#8243; el_position=&#8220;first&#8220;] Do bat\u00f4\u017eka si nalo\u017e &nbsp; &#8222;Mus\u00edte vyrie\u0161i\u0165 cig\u00e1nsky probl\u00e9m. Ak ho nevyrie\u0161ite, skon\u010d\u00edte ako my.&#8220; Povedal predseda vl\u00e1dy SSR Jozef Hrivn\u00e1k v s\u00fakromnom rozhovore s J\u00e1nom Budajom po skon\u010den\u00ed historicky prv\u00e9ho rokovania medzi komunistami a l\u00eddrami revol\u00facie v novembri 1989. T\u00e1to spomienka J\u00e1na Budaja ve\u013ea vysvet\u013euje. Bol to jedin\u00fd odkaz, [&hellip;]<\/p>","protected":false},"author":5,"featured_media":0,"comment_status":"closed","ping_status":"closed","sticky":false,"template":"","format":"standard","meta":{"footnotes":""},"categories":[634,783],"tags":[],"_links":{"self":[{"href":"https:\/\/www.bratislavadesignweek.sk\/en\/wp-json\/wp\/v2\/posts\/6163"}],"collection":[{"href":"https:\/\/www.bratislavadesignweek.sk\/en\/wp-json\/wp\/v2\/posts"}],"about":[{"href":"https:\/\/www.bratislavadesignweek.sk\/en\/wp-json\/wp\/v2\/types\/post"}],"author":[{"embeddable":true,"href":"https:\/\/www.bratislavadesignweek.sk\/en\/wp-json\/wp\/v2\/users\/5"}],"replies":[{"embeddable":true,"href":"https:\/\/www.bratislavadesignweek.sk\/en\/wp-json\/wp\/v2\/comments?post=6163"}],"version-history":[{"count":9,"href":"https:\/\/www.bratislavadesignweek.sk\/en\/wp-json\/wp\/v2\/posts\/6163\/revisions"}],"predecessor-version":[{"id":6230,"href":"https:\/\/www.bratislavadesignweek.sk\/en\/wp-json\/wp\/v2\/posts\/6163\/revisions\/6230"}],"wp:attachment":[{"href":"https:\/\/www.bratislavadesignweek.sk\/en\/wp-json\/wp\/v2\/media?parent=6163"}],"wp:term":[{"taxonomy":"category","embeddable":true,"href":"https:\/\/www.bratislavadesignweek.sk\/en\/wp-json\/wp\/v2\/categories?post=6163"},{"taxonomy":"post_tag","embeddable":true,"href":"https:\/\/www.bratislavadesignweek.sk\/en\/wp-json\/wp\/v2\/tags?post=6163"}],"curies":[{"name":"wp","href":"https:\/\/api.w.org\/{rel}","templated":true}]}}