{"id":6171,"date":"2016-05-25T12:20:53","date_gmt":"2016-05-25T11:20:53","guid":{"rendered":"http:\/\/www.bratislavadesignweek.sk\/?p=6171"},"modified":"2024-09-25T12:18:18","modified_gmt":"2024-09-25T10:18:18","slug":"debate","status":"publish","type":"post","link":"https:\/\/www.bratislavadesignweek.sk\/en\/debate\/","title":{"rendered":"Talk"},"content":{"rendered":"<p>[vc_column_text pb_margin_bottom=&#8220;no&#8220; pb_border_bottom=&#8220;no&#8220; width=&#8220;1\/2&#8243; el_position=&#8220;first&#8220;]<\/p>\n<p class=\"impact-text\">On the Road<\/p>\n<p>&nbsp;<\/p>\n<p>&#8222;You have to solve the Gypsy problem. If you don\u2019t, you\u2019ll end up just like we did,\u201d said Jozef Hrivn\u00e1k, the chairman of the Slovak Socialist Republic government, in a private conversation with J\u00e1n Budaj after the historically first negotiation between the communists and the anti-communist revolution leaders in November of 1989.<\/p>\n<p>This J\u00e1n Budaj\u2019s memory explains a lot. That was the only message which the communist ex-prime minister wanted to emphasise and give to the representatives of the new government. Said \u201cGypsy problem\u201d was the imaginary baton that the old power passed to the new one.<\/p>\n<p>Unfortunately, the situation has been worsening since then. The fascists took it from the countryside to the parliament and, by doing so, underlined this conservative principle connected to the policy of Hlinka\u2019s Slovak People\u2019s Party. This problem has been present in the Slovak politics for 25 years now. The educational system hasn\u2019t managed to create the valuable counterbalance for expressions of nationalism and racism. We don\u2019t want refugees here, because we don\u2019t believe we can handle it. \u201cWe\u2019ve got enough problems with our Romani people,\u201d say many, like the Prime Minister of the Slovak Government.<\/p>\n<p>This will be the topic of the\u00a0talk\u00a0with our guests:<\/p>\n<p>Zuzana \u0160tevulov\u00e1, lawyeress and the directress of the Human Rights League association,\u00a0Vlado Rafael, Doctor of Education and the director of the Eduroma association and\u00a0Michal Va\u0161e\u010dka, sociologist and pedagogist at the Masaryk University in Brno.<\/p>\n<p>Moderator: Fedor Bla\u0161\u010d\u00e1k<\/p>\n<p>Stop by when on your way to the city.<\/p>\n<p>Entry is free.<\/p>\n<p>&nbsp;<\/p>\n<p>[button colour=&#8220;grey&#8220; type=&#8220;0&#8243; size=&#8220;small&#8220; link=&#8220;https:\/\/www.facebook.com\/events\/552058628331643\/&#8220; target=&#8220;_self&#8220;]www.facebook.com[\/button]<\/p>\n<p>[\/vc_column_text] [vc_column_text pb_margin_bottom=&#8220;no&#8220; pb_border_bottom=&#8220;no&#8220; width=&#8220;1\/2&#8243; el_position=&#8220;last&#8220;]<\/p>\n<p><a href=\"http:\/\/www.bratislavadesignweek.sk\/wp-content\/uploads\/2016\/05\/DSC_7954-1.jpg\" rel=\"attachment wp-att-6165\"><img fetchpriority=\"high\" decoding=\"async\" class=\"alignnone size-large wp-image-6165\" src=\"http:\/\/www.bratislavadesignweek.sk\/wp-content\/uploads\/2016\/05\/DSC_7954-1-819x1024.jpg\" alt=\"DSC_7954\" width=\"819\" height=\"1024\" \/><\/a><\/p>\n<p>Foto (c) Robert Tappert<\/p>\n<p>[\/vc_column_text]<\/p>","protected":false},"excerpt":{"rendered":"<p>[vc_column_text pb_margin_bottom=&#8220;no&#8220; pb_border_bottom=&#8220;no&#8220; width=&#8220;1\/2&#8243; el_position=&#8220;first&#8220;] On the Road &nbsp; &#8222;You have to solve the Gypsy problem. If you don\u2019t, you\u2019ll end up just like we did,\u201d said Jozef Hrivn\u00e1k, the chairman of the Slovak Socialist Republic government, in a private conversation with J\u00e1n Budaj after the historically first negotiation between the communists and the anti-communist [&hellip;]<\/p>","protected":false},"author":5,"featured_media":0,"comment_status":"closed","ping_status":"closed","sticky":false,"template":"","format":"standard","meta":{"footnotes":""},"categories":[783,477],"tags":[744],"_links":{"self":[{"href":"https:\/\/www.bratislavadesignweek.sk\/en\/wp-json\/wp\/v2\/posts\/6171"}],"collection":[{"href":"https:\/\/www.bratislavadesignweek.sk\/en\/wp-json\/wp\/v2\/posts"}],"about":[{"href":"https:\/\/www.bratislavadesignweek.sk\/en\/wp-json\/wp\/v2\/types\/post"}],"author":[{"embeddable":true,"href":"https:\/\/www.bratislavadesignweek.sk\/en\/wp-json\/wp\/v2\/users\/5"}],"replies":[{"embeddable":true,"href":"https:\/\/www.bratislavadesignweek.sk\/en\/wp-json\/wp\/v2\/comments?post=6171"}],"version-history":[{"count":11,"href":"https:\/\/www.bratislavadesignweek.sk\/en\/wp-json\/wp\/v2\/posts\/6171\/revisions"}],"predecessor-version":[{"id":6231,"href":"https:\/\/www.bratislavadesignweek.sk\/en\/wp-json\/wp\/v2\/posts\/6171\/revisions\/6231"}],"wp:attachment":[{"href":"https:\/\/www.bratislavadesignweek.sk\/en\/wp-json\/wp\/v2\/media?parent=6171"}],"wp:term":[{"taxonomy":"category","embeddable":true,"href":"https:\/\/www.bratislavadesignweek.sk\/en\/wp-json\/wp\/v2\/categories?post=6171"},{"taxonomy":"post_tag","embeddable":true,"href":"https:\/\/www.bratislavadesignweek.sk\/en\/wp-json\/wp\/v2\/tags?post=6171"}],"curies":[{"name":"wp","href":"https:\/\/api.w.org\/{rel}","templated":true}]}}