{"id":6188,"date":"2016-05-26T14:02:59","date_gmt":"2016-05-26T13:02:59","guid":{"rendered":"http:\/\/www.bratislavadesignweek.sk\/?p=6188"},"modified":"2024-09-25T12:18:18","modified_gmt":"2024-09-25T10:18:18","slug":"situacia-jerszy-seymour","status":"publish","type":"post","link":"https:\/\/www.bratislavadesignweek.sk\/en\/situacia-jerszy-seymour\/","title":{"rendered":"Situ\u00e1cia"},"content":{"rendered":"<p>[vc_column_text pb_margin_bottom=&#8220;no&#8220; pb_border_bottom=&#8220;no&#8220; width=&#8220;1\/2&#8243; el_position=&#8220;first&#8220;]<\/p>\n<p class=\"impact-text\">Situ\u00e1cia Jerszy Seymour<\/p>\n<p>&nbsp;<\/p>\n<p>Performat\u00edvna diskusia v koncepcii JERSZYHO SEYMOURA:<br \/>\nThe Committee for Happy Endings<\/p>\n<p>Diskutuj\u00fa: Nastaran Amotlagh, Boris Ondrei\u010dka, Mat\u00fa\u0161 Kostoln\u00fd,<br \/>\nFedor Bla\u0161\u010d\u00e1k a \u010fal\u0161\u00ed<\/p>\n<p>Koncert \/ Performancia skupiny J. Seymoura The Belly of the Beast<\/p>\n<p>(The propaganda wing of the New Dirty Enterprises) \/ Berlin<\/p>\n<p>Diskusia a koncert sa kon\u00e1 v do\u010dasnom stane vytvorenom pod\u013ea n\u00e1vrhu Jerszyho Seymoura <strong>na dvore Fugy 7. j\u00fana, 20:00<\/strong><\/p>\n<p>After 23:00 Ventolin (CZ)<\/p>\n<p>Vstup vo\u013en\u00fd<\/p>\n<p>\u010eakujeme Goethe Institut a partnerom BADW<\/p>\n<p>&nbsp;<\/p>\n<p>[button colour=&#8220;grey&#8220; type=&#8220;0&#8243; size=&#8220;small&#8220; link=&#8220;https:\/\/www.facebook.com\/events\/1546236162346166\/&#8220; target=&#8220;_self&#8220;]www.facebook.com[\/button]<\/p>\n<p>[\/vc_column_text] [vc_column_text pb_margin_bottom=&#8220;no&#8220; pb_border_bottom=&#8220;no&#8220; width=&#8220;1\/2&#8243; el_position=&#8220;last&#8220;]<\/p>\n<p><a href=\"http:\/\/www.bratislavadesignweek.sk\/wp-content\/uploads\/2016\/05\/13308436_1116395165065830_2532639839350884463_o.jpg\" rel=\"attachment wp-att-6189\"><img fetchpriority=\"high\" decoding=\"async\" class=\"alignnone size-large wp-image-6189\" src=\"http:\/\/www.bratislavadesignweek.sk\/wp-content\/uploads\/2016\/05\/13308436_1116395165065830_2532639839350884463_o-1024x682.jpg\" alt=\"13308436_1116395165065830_2532639839350884463_o\" width=\"1024\" height=\"682\" \/><\/a><\/p>\n<p>&nbsp;<\/p>\n<p>[\/vc_column_text]<\/p>","protected":false},"excerpt":{"rendered":"<p>[vc_column_text pb_margin_bottom=&#8220;no&#8220; pb_border_bottom=&#8220;no&#8220; width=&#8220;1\/2&#8243; el_position=&#8220;first&#8220;] Situ\u00e1cia Jerszy Seymour &nbsp; Performat\u00edvna diskusia v koncepcii JERSZYHO SEYMOURA: The Committee for Happy Endings Diskutuj\u00fa: Nastaran Amotlagh, Boris Ondrei\u010dka, Mat\u00fa\u0161 Kostoln\u00fd, Fedor Bla\u0161\u010d\u00e1k a \u010fal\u0161\u00ed Koncert \/ Performancia skupiny J. Seymoura The Belly of the Beast (The propaganda wing of the New Dirty Enterprises) \/ Berlin Diskusia a koncert [&hellip;]<\/p>","protected":false},"author":5,"featured_media":0,"comment_status":"closed","ping_status":"closed","sticky":false,"template":"","format":"standard","meta":{"footnotes":""},"categories":[634,783],"tags":[745],"_links":{"self":[{"href":"https:\/\/www.bratislavadesignweek.sk\/en\/wp-json\/wp\/v2\/posts\/6188"}],"collection":[{"href":"https:\/\/www.bratislavadesignweek.sk\/en\/wp-json\/wp\/v2\/posts"}],"about":[{"href":"https:\/\/www.bratislavadesignweek.sk\/en\/wp-json\/wp\/v2\/types\/post"}],"author":[{"embeddable":true,"href":"https:\/\/www.bratislavadesignweek.sk\/en\/wp-json\/wp\/v2\/users\/5"}],"replies":[{"embeddable":true,"href":"https:\/\/www.bratislavadesignweek.sk\/en\/wp-json\/wp\/v2\/comments?post=6188"}],"version-history":[{"count":5,"href":"https:\/\/www.bratislavadesignweek.sk\/en\/wp-json\/wp\/v2\/posts\/6188\/revisions"}],"predecessor-version":[{"id":6195,"href":"https:\/\/www.bratislavadesignweek.sk\/en\/wp-json\/wp\/v2\/posts\/6188\/revisions\/6195"}],"wp:attachment":[{"href":"https:\/\/www.bratislavadesignweek.sk\/en\/wp-json\/wp\/v2\/media?parent=6188"}],"wp:term":[{"taxonomy":"category","embeddable":true,"href":"https:\/\/www.bratislavadesignweek.sk\/en\/wp-json\/wp\/v2\/categories?post=6188"},{"taxonomy":"post_tag","embeddable":true,"href":"https:\/\/www.bratislavadesignweek.sk\/en\/wp-json\/wp\/v2\/tags?post=6188"}],"curies":[{"name":"wp","href":"https:\/\/api.w.org\/{rel}","templated":true}]}}