{"id":6255,"date":"2016-06-04T12:53:18","date_gmt":"2016-06-04T11:53:18","guid":{"rendered":"http:\/\/www.bratislavadesignweek.sk\/?p=6255"},"modified":"2024-09-25T12:18:53","modified_gmt":"2024-09-25T10:18:53","slug":"beastro","status":"publish","type":"post","link":"https:\/\/www.bratislavadesignweek.sk\/en\/beastro\/","title":{"rendered":"Beastro"},"content":{"rendered":"<p>[vc_column_text pb_margin_bottom=&#8220;no&#8220; pb_border_bottom=&#8220;no&#8220; width=&#8220;1\/2&#8243; el_position=&#8220;first&#8220;]<\/p>\n<p class=\"impact-text\">Beastro<\/p>\n<p>&nbsp;<\/p>\n<p>Nez\u00e1le\u017e\u00ed iba na ceste,<\/p>\n<p>ale aj na tom, ako po nej ide\u0161\u2026<\/p>\n<p>&nbsp;<\/p>\n<p>100 rokov DADA,<\/p>\n<p>nad Tatrou sa bl\u00fdska<\/p>\n<p>a v\u00a0<b>Beastro<\/b>\u00a0umelci\u00a0<b>BZz<\/b>\u00a0(Erik Binder a Zoja Zupkov\u00e1),<\/p>\n<p>otr\u00e1ven\u00ed odzrkad\u013eovan\u00edm pohybov podnapitej s\u00fa\u010dasnosti,<\/p>\n<p>kde slu\u0161nos\u0165 \u0161la fialky vo\u0148a\u0165,<\/p>\n<p>\u010destnos\u0165 m\u00e1 infarkt,<\/p>\n<p>spravodlivos\u0165 m\u00e1 \u017eal\u00fado\u010dn\u00e9 probl\u00e9my\u2026<\/p>\n<p>H\u013eadaj\u00fa pomocou vz\u00e1jomn\u00e9ho bzukotu a ha\u0161terenia<\/p>\n<p>nov\u00e9 mo\u017enosti krep\u010denia.<\/p>\n<p>A hoci sa \u010dasto zd\u00e1, \u017ee\u00a0cesta je zar\u00faban\u00e1,<\/p>\n<p>veria,\u00a0\u017ee sa oni\u00a0(prek\u00e1\u017eky)\u00a0stratia<\/p>\n<p>a je \u0161anca, ABY SA PREBR\u00c1\u00c1\u00c1L\u00d3\u00d3\u00d3!<\/p>\n<p>A to je to, \u010do n\u00e1s v\u0161etk\u00fdch sp\u00e1ja<\/p>\n<p>napriek r\u00f4znym n\u00e1zorom!<\/p>\n<p>Vsta\u0148 a po\u010f,<\/p>\n<p>alebo cho\u010f!<\/p>\n<p>BZzzz\u2026<\/p>\n<p>&nbsp;<\/p>\n<p>[button colour=&#8220;grey&#8220; type=&#8220;0&#8243; size=&#8220;small&#8220; link=&#8220;https:\/\/www.facebook.com\/events\/1140577889297277\/&#8220; target=&#8220;_self&#8220;]FB event[\/button]<\/p>\n<p>[button colour=&#8220;grey&#8220; type=&#8220;0&#8243; size=&#8220;small&#8220; link=&#8220;http:\/\/beastrogallery.tumblr.com\/&#8220; target=&#8220;_self&#8220;]beastrogallery.tumblr.com[\/button]<\/p>\n<p>[\/vc_column_text] [vc_column_text pb_margin_bottom=&#8220;no&#8220; pb_border_bottom=&#8220;no&#8220; width=&#8220;1\/2&#8243; el_position=&#8220;last&#8220;]<\/p>\n<p><a href=\"http:\/\/www.bratislavadesignweek.sk\/wp-content\/uploads\/2016\/05\/IMG_3625.jpg\" rel=\"attachment wp-att-6256\"><img fetchpriority=\"high\" decoding=\"async\" class=\"alignnone size-large wp-image-6256\" src=\"http:\/\/www.bratislavadesignweek.sk\/wp-content\/uploads\/2016\/05\/IMG_3625-1024x1024.jpg\" alt=\"IMG_3625\" width=\"1024\" height=\"1024\" srcset=\"https:\/\/www.bratislavadesignweek.sk\/wp-content\/uploads\/2016\/05\/IMG_3625-1024x1024.jpg 1024w, https:\/\/www.bratislavadesignweek.sk\/wp-content\/uploads\/2016\/05\/IMG_3625-150x150.jpg 150w, https:\/\/www.bratislavadesignweek.sk\/wp-content\/uploads\/2016\/05\/IMG_3625-300x300.jpg 300w, https:\/\/www.bratislavadesignweek.sk\/wp-content\/uploads\/2016\/05\/IMG_3625-768x768.jpg 768w, https:\/\/www.bratislavadesignweek.sk\/wp-content\/uploads\/2016\/05\/IMG_3625.jpg 1200w\" sizes=\"(max-width: 1024px) 100vw, 1024px\" \/><\/a><\/p>\n<p>&nbsp;<\/p>\n<p>[\/vc_column_text]<\/p>","protected":false},"excerpt":{"rendered":"<p>[vc_column_text pb_margin_bottom=&#8220;no&#8220; pb_border_bottom=&#8220;no&#8220; width=&#8220;1\/2&#8243; el_position=&#8220;first&#8220;] Beastro &nbsp; Nez\u00e1le\u017e\u00ed iba na ceste, ale aj na tom, ako po nej ide\u0161\u2026 &nbsp; 100 rokov DADA, nad Tatrou sa bl\u00fdska a v\u00a0Beastro\u00a0umelci\u00a0BZz\u00a0(Erik Binder a Zoja Zupkov\u00e1), otr\u00e1ven\u00ed odzrkad\u013eovan\u00edm pohybov podnapitej s\u00fa\u010dasnosti, kde slu\u0161nos\u0165 \u0161la fialky vo\u0148a\u0165, \u010destnos\u0165 m\u00e1 infarkt, spravodlivos\u0165 m\u00e1 \u017eal\u00fado\u010dn\u00e9 probl\u00e9my\u2026 H\u013eadaj\u00fa pomocou vz\u00e1jomn\u00e9ho bzukotu a [&hellip;]<\/p>","protected":false},"author":5,"featured_media":0,"comment_status":"closed","ping_status":"closed","sticky":false,"template":"","format":"standard","meta":{"footnotes":""},"categories":[634,783,659],"tags":[747,748,749],"_links":{"self":[{"href":"https:\/\/www.bratislavadesignweek.sk\/en\/wp-json\/wp\/v2\/posts\/6255"}],"collection":[{"href":"https:\/\/www.bratislavadesignweek.sk\/en\/wp-json\/wp\/v2\/posts"}],"about":[{"href":"https:\/\/www.bratislavadesignweek.sk\/en\/wp-json\/wp\/v2\/types\/post"}],"author":[{"embeddable":true,"href":"https:\/\/www.bratislavadesignweek.sk\/en\/wp-json\/wp\/v2\/users\/5"}],"replies":[{"embeddable":true,"href":"https:\/\/www.bratislavadesignweek.sk\/en\/wp-json\/wp\/v2\/comments?post=6255"}],"version-history":[{"count":5,"href":"https:\/\/www.bratislavadesignweek.sk\/en\/wp-json\/wp\/v2\/posts\/6255\/revisions"}],"predecessor-version":[{"id":6353,"href":"https:\/\/www.bratislavadesignweek.sk\/en\/wp-json\/wp\/v2\/posts\/6255\/revisions\/6353"}],"wp:attachment":[{"href":"https:\/\/www.bratislavadesignweek.sk\/en\/wp-json\/wp\/v2\/media?parent=6255"}],"wp:term":[{"taxonomy":"category","embeddable":true,"href":"https:\/\/www.bratislavadesignweek.sk\/en\/wp-json\/wp\/v2\/categories?post=6255"},{"taxonomy":"post_tag","embeddable":true,"href":"https:\/\/www.bratislavadesignweek.sk\/en\/wp-json\/wp\/v2\/tags?post=6255"}],"curies":[{"name":"wp","href":"https:\/\/api.w.org\/{rel}","templated":true}]}}