{"id":6262,"date":"2016-05-29T08:56:05","date_gmt":"2016-05-29T07:56:05","guid":{"rendered":"http:\/\/www.bratislavadesignweek.sk\/?p=6262"},"modified":"2024-09-25T12:18:18","modified_gmt":"2024-09-25T10:18:18","slug":"janja-prokic","status":"publish","type":"post","link":"https:\/\/www.bratislavadesignweek.sk\/en\/janja-prokic\/","title":{"rendered":"Janja Prokic"},"content":{"rendered":"<p>[vc_column_text pb_margin_bottom=&#8220;no&#8220; pb_border_bottom=&#8220;no&#8220; width=&#8220;1\/2&#8243; el_position=&#8220;first&#8220;]<\/p>\n<p class=\"impact-text\">Janja Prokic<\/p>\n<p>&nbsp;<\/p>\n<p>Medzi najzauj\u00edmavej\u0161ie s\u00fa\u010dasn\u00e9 \u010desk\u00e9 dizajn\u00e9rky \u0161perku patr\u00ed aj Janja Proki\u0107. P\u00f4vodne z Belehradu, \u017eije u\u017e viac ako 20 rokov v Prahe. Jej tvorba je narat\u00edvna, pln\u00e1 pr\u00edbehov, snov, divo\u010diny. V roku 2013 z\u00edskala na Czech Grand Design titul najlep\u0161\u00ed dizajn\u00e9r \u0161perku. V Bratislave predstav\u00ed svoju najnov\u0161iu kolekciu Abrakadabra \/ Vent\u00farska 2.<\/p>\n<p>&nbsp;<\/p>\n<p>[button colour=\"grey\" type=\"0\u2033 size=\"small\" link=\"http:\/\/www.janjaprokic.com\" target=\"_self\"]www.janjaprokic.com[\/button]<\/p>\n<p>[\/vc_column_text] [vc_column_text pb_margin_bottom=&#8220;no&#8220; pb_border_bottom=&#8220;no&#8220; width=&#8220;1\/2&#8243; el_position=&#8220;last&#8220;]<\/p>\n<p><a href=\"http:\/\/www.bratislavadesignweek.sk\/wp-content\/uploads\/2016\/05\/13254796_1115719715133375_994423687211742389_o.jpg\" rel=\"attachment wp-att-6263\"><img fetchpriority=\"high\" decoding=\"async\" class=\"alignnone size-large wp-image-6263\" src=\"http:\/\/www.bratislavadesignweek.sk\/wp-content\/uploads\/2016\/05\/13254796_1115719715133375_994423687211742389_o-1024x683.jpg\" alt=\"13254796_1115719715133375_994423687211742389_o\" width=\"1024\" height=\"683\" \/><\/a><\/p>\n<p>&nbsp;<\/p>\n<p>[\/vc_column_text]<\/p>","protected":false},"excerpt":{"rendered":"<p>[vc_column_text pb_margin_bottom=&#8220;no&#8220; pb_border_bottom=&#8220;no&#8220; width=&#8220;1\/2&#8243; el_position=&#8220;first&#8220;] Janja Proki\u0107 &nbsp; Medzi najzauj\u00edmavej\u0161ie s\u00fa\u010dasn\u00e9 \u010desk\u00e9 dizajn\u00e9rky \u0161perku patr\u00ed aj Janja Proki\u0107. P\u00f4vodne z Belehradu, \u017eije u\u017e viac ako 20 rokov v Prahe. Jej tvorba je narat\u00edvna, pln\u00e1 pr\u00edbehov, snov, divo\u010diny. V roku 2013 z\u00edskala na Czech Grand Design titul najlep\u0161\u00ed dizajn\u00e9r \u0161perku. V Bratislave predstav\u00ed svoju najnov\u0161iu kolekciu [&hellip;]<\/p>","protected":false},"author":5,"featured_media":0,"comment_status":"closed","ping_status":"closed","sticky":false,"template":"","format":"standard","meta":{"footnotes":""},"categories":[634,783],"tags":[750],"_links":{"self":[{"href":"https:\/\/www.bratislavadesignweek.sk\/en\/wp-json\/wp\/v2\/posts\/6262"}],"collection":[{"href":"https:\/\/www.bratislavadesignweek.sk\/en\/wp-json\/wp\/v2\/posts"}],"about":[{"href":"https:\/\/www.bratislavadesignweek.sk\/en\/wp-json\/wp\/v2\/types\/post"}],"author":[{"embeddable":true,"href":"https:\/\/www.bratislavadesignweek.sk\/en\/wp-json\/wp\/v2\/users\/5"}],"replies":[{"embeddable":true,"href":"https:\/\/www.bratislavadesignweek.sk\/en\/wp-json\/wp\/v2\/comments?post=6262"}],"version-history":[{"count":2,"href":"https:\/\/www.bratislavadesignweek.sk\/en\/wp-json\/wp\/v2\/posts\/6262\/revisions"}],"predecessor-version":[{"id":6267,"href":"https:\/\/www.bratislavadesignweek.sk\/en\/wp-json\/wp\/v2\/posts\/6262\/revisions\/6267"}],"wp:attachment":[{"href":"https:\/\/www.bratislavadesignweek.sk\/en\/wp-json\/wp\/v2\/media?parent=6262"}],"wp:term":[{"taxonomy":"category","embeddable":true,"href":"https:\/\/www.bratislavadesignweek.sk\/en\/wp-json\/wp\/v2\/categories?post=6262"},{"taxonomy":"post_tag","embeddable":true,"href":"https:\/\/www.bratislavadesignweek.sk\/en\/wp-json\/wp\/v2\/tags?post=6262"}],"curies":[{"name":"wp","href":"https:\/\/api.w.org\/{rel}","templated":true}]}}