{"id":6309,"date":"2016-06-03T16:23:52","date_gmt":"2016-06-03T15:23:52","guid":{"rendered":"http:\/\/www.bratislavadesignweek.sk\/?p=6309"},"modified":"2024-09-25T12:18:53","modified_gmt":"2024-09-25T10:18:53","slug":"na-stole","status":"publish","type":"post","link":"https:\/\/www.bratislavadesignweek.sk\/en\/na-stole\/","title":{"rendered":"Na stole"},"content":{"rendered":"<p>[vc_column_text pb_margin_bottom=&#8220;no&#8220; pb_border_bottom=&#8220;no&#8220; width=&#8220;1\/2&#8243; el_position=&#8220;first&#8220;]<\/p>\n<p class=\"impact-text\">Mark\u00e9ta Nov\u00e1kov\u00e1 a Mira Podmanick\u00e1 \/<br \/>\nNa stole<\/p>\n<p>&nbsp;<\/p>\n<div class=\"page\" title=\"Page 13\">\n<div class=\"section\">\n<div class=\"layoutArea\">\n<div class=\"column\">\n<p>V\u00fdstava prezentuje tvorbu mladej gener\u00e1cie slovensk\u00fdch a \u010desk\u00fdch keramikov, skl\u00e1rov a \u0161perk\u00e1rov, ktor\u00ed sa venuj\u00fa n\u00e1vrhom \u00fa\u017eitkov\u00fdch predmetov. V\u00fdber je orientovan\u00fd na predmety a doplnky k stolovaniu.<\/p>\n<\/div>\n<\/div>\n<\/div>\n<\/div>\n<div class=\"page\" title=\"Page 13\">\n<div class=\"section\">\n<div class=\"layoutArea\">\n<div class=\"column\">\n<p>&nbsp;<\/p>\n<p>vystavuj\u00faci: Monika Brz\u00e1, Nela Havl\u00ed\u010dkov\u00e1 a Josef Tr\u00e9\u0161ek, ILLOLA &#8211; Patrik Illo a Aleksandra Stencel, si.li &#8211; Simona Jani\u0161ov\u00e1 a Linda Vikov\u00e1, Vobouch &#8211; Mark\u00e9ta Kalivodov\u00e1 a Richard \u0160vejda, Hany H. Ka\u0161i\u010dkov\u00e1, Martina Klbe\u010dkov\u00e1, M\u00e1ria Kobelov\u00e1, Radka Kova\u010d\u00edkov\u00e1, Milo\u0161 Nemec, Maya Hrie\u0161ik Nep\u0161insk\u00e1, Mark\u00e9ta Nov\u00e1kov\u00e1 a Mira Podmanick\u00e1, Daniel Pir\u0161\u010d, B\u00e1ra \u0160imkov\u00e1 a Monika Ko\u0159\u00ednkov\u00e1, Krist\u00fdna \u0160panihelov\u00e1, Pavla Vach\u016fnov\u00e1<\/p>\n<\/div>\n<\/div>\n<\/div>\n<\/div>\n<p>[\/vc_column_text] [vc_column_text pb_margin_bottom=&#8220;no&#8220; pb_border_bottom=&#8220;no&#8220; width=&#8220;1\/2&#8243; el_position=&#8220;last&#8220;]<\/p>\n<p><a href=\"http:\/\/www.bratislavadesignweek.sk\/wp-content\/uploads\/2016\/06\/na-stole.jpg\" rel=\"attachment wp-att-6310\"><img fetchpriority=\"high\" decoding=\"async\" class=\"alignnone size-large wp-image-6310\" src=\"http:\/\/www.bratislavadesignweek.sk\/wp-content\/uploads\/2016\/06\/na-stole-683x1024.jpg\" alt=\"na stole\" width=\"683\" height=\"1024\" \/><\/a><\/p>\n<p>&nbsp;<\/p>\n<p>[\/vc_column_text]<\/p>","protected":false},"excerpt":{"rendered":"<p>[vc_column_text pb_margin_bottom=&#8220;no&#8220; pb_border_bottom=&#8220;no&#8220; width=&#8220;1\/2&#8243; el_position=&#8220;first&#8220;] Mark\u00e9ta Nov\u00e1kov\u00e1 a Mira Podmanick\u00e1 \/ Na stole &nbsp; V\u00fdstava prezentuje tvorbu mladej gener\u00e1cie slovensk\u00fdch a \u010desk\u00fdch keramikov, skl\u00e1rov a \u0161perk\u00e1rov, ktor\u00ed sa venuj\u00fa n\u00e1vrhom \u00fa\u017eitkov\u00fdch predmetov. V\u00fdber je orientovan\u00fd na predmety a doplnky k stolovaniu. &nbsp; vystavuj\u00faci: Monika Brz\u00e1, Nela Havl\u00ed\u010dkov\u00e1 a Josef Tr\u00e9\u0161ek, ILLOLA &#8211; Patrik Illo a [&hellip;]<\/p>","protected":false},"author":5,"featured_media":0,"comment_status":"closed","ping_status":"closed","sticky":false,"template":"","format":"standard","meta":{"footnotes":""},"categories":[634,783],"tags":[86,87,754],"_links":{"self":[{"href":"https:\/\/www.bratislavadesignweek.sk\/en\/wp-json\/wp\/v2\/posts\/6309"}],"collection":[{"href":"https:\/\/www.bratislavadesignweek.sk\/en\/wp-json\/wp\/v2\/posts"}],"about":[{"href":"https:\/\/www.bratislavadesignweek.sk\/en\/wp-json\/wp\/v2\/types\/post"}],"author":[{"embeddable":true,"href":"https:\/\/www.bratislavadesignweek.sk\/en\/wp-json\/wp\/v2\/users\/5"}],"replies":[{"embeddable":true,"href":"https:\/\/www.bratislavadesignweek.sk\/en\/wp-json\/wp\/v2\/comments?post=6309"}],"version-history":[{"count":2,"href":"https:\/\/www.bratislavadesignweek.sk\/en\/wp-json\/wp\/v2\/posts\/6309\/revisions"}],"predecessor-version":[{"id":6314,"href":"https:\/\/www.bratislavadesignweek.sk\/en\/wp-json\/wp\/v2\/posts\/6309\/revisions\/6314"}],"wp:attachment":[{"href":"https:\/\/www.bratislavadesignweek.sk\/en\/wp-json\/wp\/v2\/media?parent=6309"}],"wp:term":[{"taxonomy":"category","embeddable":true,"href":"https:\/\/www.bratislavadesignweek.sk\/en\/wp-json\/wp\/v2\/categories?post=6309"},{"taxonomy":"post_tag","embeddable":true,"href":"https:\/\/www.bratislavadesignweek.sk\/en\/wp-json\/wp\/v2\/tags?post=6309"}],"curies":[{"name":"wp","href":"https:\/\/api.w.org\/{rel}","templated":true}]}}