{"id":6312,"date":"2016-06-03T16:27:09","date_gmt":"2016-06-03T15:27:09","guid":{"rendered":"http:\/\/www.bratislavadesignweek.sk\/?p=6312"},"modified":"2024-09-25T12:18:53","modified_gmt":"2024-09-25T10:18:53","slug":"on-tha-table","status":"publish","type":"post","link":"https:\/\/www.bratislavadesignweek.sk\/en\/on-tha-table\/","title":{"rendered":"On tha Table"},"content":{"rendered":"<p>[vc_column_text pb_margin_bottom=&#8220;no&#8220; pb_border_bottom=&#8220;no&#8220; width=&#8220;1\/2&#8243; el_position=&#8220;first&#8220;]<\/p>\n<p class=\"impact-text\">Mark\u00e9ta Nov\u00e1kov\u00e1 and Mira Podmanick\u00e1 \/<br \/>\nOn tha Table<\/p>\n<p>&nbsp;<\/p>\n<div class=\"page\" title=\"Page 13\">\n<div class=\"section\">\n<div class=\"layoutArea\">\n<div class=\"column\">\n<div class=\"page\" title=\"Page 13\">\n<div class=\"section\">\n<div class=\"layoutArea\">\n<div class=\"column\">\n<p>The exhibition presents the art of the young generation of Slovak and Czech designers who prepare projects of functional objects in ceramics, glassmaking, and jewellery domains. The selection is focused on items and accessories for dining.<\/p>\n<\/div>\n<\/div>\n<\/div>\n<\/div>\n<\/div>\n<\/div>\n<\/div>\n<\/div>\n<div class=\"page\" title=\"Page 13\">\n<div class=\"section\">\n<div class=\"layoutArea\">\n<div class=\"column\">\n<div class=\"page\" title=\"Page 13\">\n<div class=\"section\">\n<div class=\"layoutArea\">\n<div class=\"column\">\n<p>authors:\u00a0Monika Brz\u00e1, Nela Havl\u00ed\u010dkov\u00e1 and Josef Tr\u00e9\u0161ek, ILLOLA &#8211; Patrik Illo and Aleksandra Stencel, si.li &#8211; Simona Jani\u0161ov\u00e1 and Linda Vikov\u00e1, Vobouch &#8211; Mark\u00e9ta Kalivodov\u00e1 and Richard \u0160vejda, Hany H. Ka\u0161i\u010dkov\u00e1, Martina Klbe\u010dkov\u00e1, M\u00e1ria Kobelov\u00e1, Radka Kova\u010d\u00edkov\u00e1, Milo\u0161 Nemec, Maya Hrie\u0161ik Nep\u0161insk\u00e1, Mark\u00e9ta Nov\u00e1kov\u00e1 a Mira Podmanick\u00e1, Daniel Pir\u0161\u010d, B\u00e1ra \u0160imkov\u00e1 and Monika Ko\u0159\u00ednkov\u00e1, Krist\u00fdna \u0160panihelov\u00e1, Pavla Vach\u016fnov\u00e1<\/p>\n<\/div>\n<\/div>\n<\/div>\n<\/div>\n<\/div>\n<\/div>\n<\/div>\n<\/div>\n<p>[\/vc_column_text] [vc_column_text pb_margin_bottom=&#8220;no&#8220; pb_border_bottom=&#8220;no&#8220; width=&#8220;1\/2&#8243; el_position=&#8220;last&#8220;]<\/p>\n<p><a href=\"http:\/\/www.bratislavadesignweek.sk\/wp-content\/uploads\/2016\/06\/na-stole.jpg\" rel=\"attachment wp-att-6310\"><img fetchpriority=\"high\" decoding=\"async\" class=\"alignnone size-large wp-image-6310\" src=\"http:\/\/www.bratislavadesignweek.sk\/wp-content\/uploads\/2016\/06\/na-stole-683x1024.jpg\" alt=\"na stole\" width=\"683\" height=\"1024\" \/><\/a><\/p>\n<p>&nbsp;<\/p>\n<p>[\/vc_column_text]<\/p>","protected":false},"excerpt":{"rendered":"<p>[vc_column_text pb_margin_bottom=&#8220;no&#8220; pb_border_bottom=&#8220;no&#8220; width=&#8220;1\/2&#8243; el_position=&#8220;first&#8220;] Mark\u00e9ta Nov\u00e1kov\u00e1 and Mira Podmanick\u00e1 \/ On tha Table &nbsp; The exhibition presents the art of the young generation of Slovak and Czech designers who prepare projects of functional objects in ceramics, glassmaking, and jewellery domains. The selection is focused on items and accessories for dining. authors:\u00a0Monika Brz\u00e1, Nela Havl\u00ed\u010dkov\u00e1 [&hellip;]<\/p>","protected":false},"author":5,"featured_media":0,"comment_status":"closed","ping_status":"closed","sticky":false,"template":"","format":"standard","meta":{"footnotes":""},"categories":[783,477],"tags":[86,87,755],"_links":{"self":[{"href":"https:\/\/www.bratislavadesignweek.sk\/en\/wp-json\/wp\/v2\/posts\/6312"}],"collection":[{"href":"https:\/\/www.bratislavadesignweek.sk\/en\/wp-json\/wp\/v2\/posts"}],"about":[{"href":"https:\/\/www.bratislavadesignweek.sk\/en\/wp-json\/wp\/v2\/types\/post"}],"author":[{"embeddable":true,"href":"https:\/\/www.bratislavadesignweek.sk\/en\/wp-json\/wp\/v2\/users\/5"}],"replies":[{"embeddable":true,"href":"https:\/\/www.bratislavadesignweek.sk\/en\/wp-json\/wp\/v2\/comments?post=6312"}],"version-history":[{"count":2,"href":"https:\/\/www.bratislavadesignweek.sk\/en\/wp-json\/wp\/v2\/posts\/6312\/revisions"}],"predecessor-version":[{"id":6315,"href":"https:\/\/www.bratislavadesignweek.sk\/en\/wp-json\/wp\/v2\/posts\/6312\/revisions\/6315"}],"wp:attachment":[{"href":"https:\/\/www.bratislavadesignweek.sk\/en\/wp-json\/wp\/v2\/media?parent=6312"}],"wp:term":[{"taxonomy":"category","embeddable":true,"href":"https:\/\/www.bratislavadesignweek.sk\/en\/wp-json\/wp\/v2\/categories?post=6312"},{"taxonomy":"post_tag","embeddable":true,"href":"https:\/\/www.bratislavadesignweek.sk\/en\/wp-json\/wp\/v2\/tags?post=6312"}],"curies":[{"name":"wp","href":"https:\/\/api.w.org\/{rel}","templated":true}]}}