{"id":6318,"date":"2016-06-03T19:02:48","date_gmt":"2016-06-03T18:02:48","guid":{"rendered":"http:\/\/www.bratislavadesignweek.sk\/?p=6318"},"modified":"2024-09-25T12:18:53","modified_gmt":"2024-09-25T10:18:53","slug":"future-sound-of-furniture","status":"publish","type":"post","link":"https:\/\/www.bratislavadesignweek.sk\/en\/future-sound-of-furniture\/","title":{"rendered":"Future Sound of Furniture"},"content":{"rendered":"<p>[vc_column_text pb_margin_bottom=&#8220;no&#8220; pb_border_bottom=&#8220;no&#8220; width=&#8220;1\/2&#8243; el_position=&#8220;first&#8220;]<\/p>\n<p class=\"impact-text\">Future Sound of Furniture \/ Jarmila Dobr\u00edkov\u00e1 a Jozef Frajka<\/p>\n<p>&nbsp;<\/p>\n<div class=\"page\" title=\"Page 64\">\n<div class=\"section\">\n<div class=\"layoutArea\">\n<div class=\"column\">\n<p>Dlhoro\u010dne sa in\u0161pirujem dom\u00e1cou \u013eudovou kult\u00farou\u00a0a aj multikult\u00farnymi vplyvmi. V\u00fdsledkom mojej tvorby je transform\u00e1cia \u013eudovej architekt\u00fary, kon\u0161trukcie dreven\u00e9ho zrubu, kroja s prekr\u00e1snou v\u00fd\u0161ivkou\u00a0a hlavne pr\u00edrodn\u00fdch materi\u00e1lov do dizajnu n\u00e1bytku. Tradi\u010dn\u00e1 kult\u00fara je zdrojom ka\u017ed\u00e9ho n\u00e1roda, vyzdvihuje jeho um, remeslo a prirodzen\u00e9 c\u00edtenie estetiky \u013eudov\u00e9ho \u010dloveka, ktor\u00e9 n\u00e1s prinavracia ku kore\u0148om, \u010d\u00edm prin\u00e1\u0161a trval\u00e9 zlep\u0161ovanie vz\u0165ahov s okol\u00edm\u00a0a \u013eu\u010fmi navz\u00e1jom.<\/p>\n<\/div>\n<\/div>\n<\/div>\n<\/div>\n<p>&nbsp;<\/p>\n<p>[button colour=\"grey\" type=\"0\u2033 size=\"small\" link=\"http:\/\/www.de-sign.sk\" target=\"_self\"]www.de-sign.sk[\/button]<\/p>\n<p>[\/vc_column_text] [vc_column_text pb_margin_bottom=&#8220;no&#8220; pb_border_bottom=&#8220;no&#8220; width=&#8220;1\/2&#8243; el_position=&#8220;last&#8220;]<\/p>\n<p><a href=\"http:\/\/www.bratislavadesignweek.sk\/wp-content\/uploads\/2016\/05\/2-varianta-na-stenu-300.jpg\" rel=\"attachment wp-att-6010\"><img fetchpriority=\"high\" decoding=\"async\" class=\"alignnone size-large wp-image-6010\" src=\"http:\/\/www.bratislavadesignweek.sk\/wp-content\/uploads\/2016\/05\/2-varianta-na-stenu-300-1024x406.jpg\" alt=\"2 varianta na stenu 300\" width=\"1024\" height=\"406\" srcset=\"https:\/\/www.bratislavadesignweek.sk\/wp-content\/uploads\/2016\/05\/2-varianta-na-stenu-300-1024x406.jpg 1024w, https:\/\/www.bratislavadesignweek.sk\/wp-content\/uploads\/2016\/05\/2-varianta-na-stenu-300-300x119.jpg 300w, https:\/\/www.bratislavadesignweek.sk\/wp-content\/uploads\/2016\/05\/2-varianta-na-stenu-300-768x305.jpg 768w, https:\/\/www.bratislavadesignweek.sk\/wp-content\/uploads\/2016\/05\/2-varianta-na-stenu-300.jpg 1200w\" sizes=\"(max-width: 1024px) 100vw, 1024px\" \/><\/a> <a href=\"http:\/\/www.bratislavadesignweek.sk\/wp-content\/uploads\/2016\/05\/1-varianta-na-stenu-300.jpg\" rel=\"attachment wp-att-6009\"><img decoding=\"async\" class=\"alignnone size-large wp-image-6009\" src=\"http:\/\/www.bratislavadesignweek.sk\/wp-content\/uploads\/2016\/05\/1-varianta-na-stenu-300-1024x406.jpg\" alt=\"1 varianta na stenu 300\" width=\"1024\" height=\"406\" \/><\/a><\/p>\n<p>&nbsp;<\/p>\n<p>[\/vc_column_text]<\/p>","protected":false},"excerpt":{"rendered":"<p>[vc_column_text pb_margin_bottom=&#8220;no&#8220; pb_border_bottom=&#8220;no&#8220; width=&#8220;1\/2&#8243; el_position=&#8220;first&#8220;] Future Sound of Furniture \/ Jarmila Dobr\u00edkov\u00e1 a Jozef Frajka &nbsp; Dlhoro\u010dne sa in\u0161pirujem dom\u00e1cou \u013eudovou kult\u00farou\u00a0a aj multikult\u00farnymi vplyvmi. V\u00fdsledkom mojej tvorby je transform\u00e1cia \u013eudovej architekt\u00fary, kon\u0161trukcie dreven\u00e9ho zrubu, kroja s prekr\u00e1snou v\u00fd\u0161ivkou\u00a0a hlavne pr\u00edrodn\u00fdch materi\u00e1lov do dizajnu n\u00e1bytku. Tradi\u010dn\u00e1 kult\u00fara je zdrojom ka\u017ed\u00e9ho n\u00e1roda, vyzdvihuje jeho um, remeslo [&hellip;]<\/p>","protected":false},"author":5,"featured_media":0,"comment_status":"closed","ping_status":"closed","sticky":false,"template":"","format":"standard","meta":{"footnotes":""},"categories":[783,658],"tags":[756,697,698],"_links":{"self":[{"href":"https:\/\/www.bratislavadesignweek.sk\/en\/wp-json\/wp\/v2\/posts\/6318"}],"collection":[{"href":"https:\/\/www.bratislavadesignweek.sk\/en\/wp-json\/wp\/v2\/posts"}],"about":[{"href":"https:\/\/www.bratislavadesignweek.sk\/en\/wp-json\/wp\/v2\/types\/post"}],"author":[{"embeddable":true,"href":"https:\/\/www.bratislavadesignweek.sk\/en\/wp-json\/wp\/v2\/users\/5"}],"replies":[{"embeddable":true,"href":"https:\/\/www.bratislavadesignweek.sk\/en\/wp-json\/wp\/v2\/comments?post=6318"}],"version-history":[{"count":1,"href":"https:\/\/www.bratislavadesignweek.sk\/en\/wp-json\/wp\/v2\/posts\/6318\/revisions"}],"predecessor-version":[{"id":6319,"href":"https:\/\/www.bratislavadesignweek.sk\/en\/wp-json\/wp\/v2\/posts\/6318\/revisions\/6319"}],"wp:attachment":[{"href":"https:\/\/www.bratislavadesignweek.sk\/en\/wp-json\/wp\/v2\/media?parent=6318"}],"wp:term":[{"taxonomy":"category","embeddable":true,"href":"https:\/\/www.bratislavadesignweek.sk\/en\/wp-json\/wp\/v2\/categories?post=6318"},{"taxonomy":"post_tag","embeddable":true,"href":"https:\/\/www.bratislavadesignweek.sk\/en\/wp-json\/wp\/v2\/tags?post=6318"}],"curies":[{"name":"wp","href":"https:\/\/api.w.org\/{rel}","templated":true}]}}