{"id":6327,"date":"2016-05-03T19:33:48","date_gmt":"2016-05-03T18:33:48","guid":{"rendered":"http:\/\/www.bratislavadesignweek.sk\/?p=6327"},"modified":"2024-09-25T12:18:21","modified_gmt":"2024-09-25T10:18:21","slug":"dizajn-artkviz-3","status":"publish","type":"post","link":"https:\/\/www.bratislavadesignweek.sk\/en\/dizajn-artkviz-3\/","title":{"rendered":"Design-ArtQuiz"},"content":{"rendered":"<p>[vc_column_text pb_margin_bottom=&#8220;no&#8220; pb_border_bottom=&#8220;no&#8220; width=&#8220;1\/2&#8243; el_position=&#8220;first&#8220;]<\/p>\n<p class=\"impact-text\">Design-ArtQuiz<\/p>\n<p>&nbsp;<\/p>\n<p>Kreat\u00edvna Eur\u00f3pa podporuje nov\u00e9 cesty a nevy\u0161liapan\u00e9 chodn\u00ed\u010dky k publiku, preto sa op\u00e4\u0165 Zuzana Duchov\u00e1 s \u013dubicou Drangovou p\u00fdtaj\u00fa:<\/p>\n<p>Viete kde \u017eije kreat\u00edvny priemysel? Viete ktor\u00e9 slovensk\u00e9 mesto bolo v roku 2013 eur\u00f3pske mesto kult\u00fary? Nem\u00e1te na h\u00e1ku \u010do pr\u00e1ve rob\u00ed Petr H\u00e1k? Ko\u013eko \u017eiaroviek potrebuje postmoderna? Poz\u00fdvame v\u00e1s na kv\u00edz o s\u00fa\u010dasnom umen\u00ed a dizajne! Pr\u00ed\u010fte preveri\u0165 svoje vedomosti. Okrem pocitu v\u00ed\u0165azstva a nov\u00fdch inform\u00e1ci\u00ed m\u00f4\u017eete z\u00edska\u0165 hodnotn\u00e9 ceny. Z\u00e1ujemcovia sa m\u00f4\u017eu hl\u00e1si\u0165 priamo na mieste, tesne pred s\u00fa\u0165a\u017eou.<\/p>\n<p>Hodnotn\u00e9 ceny predstavia slovensk\u00fa kult\u00faru v novom svetle. Podpora: SF\u00da, SCD, Zast\u00fapenie Eur\u00f3pskej Komisie na Slovensku, Flash Art, Brloh, Praha v Brne, a vy!<\/p>\n<p><strong>10. 6., at\u00a05.00 om, Venue 2, N\u00e1n. SNP 30<\/strong><\/p>\n<p>[\/vc_column_text] [vc_column_text pb_margin_bottom=&#8220;no&#8220; pb_border_bottom=&#8220;no&#8220; width=&#8220;1\/2&#8243; el_position=&#8220;last&#8220;]<\/p>\n<p><a href=\"http:\/\/www.bratislavadesignweek.sk\/wp-content\/uploads\/2016\/06\/artkviz.jpg\" rel=\"attachment wp-att-6323\"><img fetchpriority=\"high\" decoding=\"async\" class=\"alignnone size-full wp-image-6323\" src=\"http:\/\/www.bratislavadesignweek.sk\/wp-content\/uploads\/2016\/06\/artkviz.jpg\" alt=\"artkviz\" width=\"717\" height=\"960\" \/><\/a><\/p>\n<p>&nbsp;<\/p>\n<p>[\/vc_column_text]<\/p>","protected":false},"excerpt":{"rendered":"<p>[vc_column_text pb_margin_bottom=&#8220;no&#8220; pb_border_bottom=&#8220;no&#8220; width=&#8220;1\/2&#8243; el_position=&#8220;first&#8220;] Dizajn-Artkv\u00edz &nbsp; Kreat\u00edvna Eur\u00f3pa podporuje nov\u00e9 cesty a nevy\u0161liapan\u00e9 chodn\u00ed\u010dky k publiku, preto sa op\u00e4\u0165 Zuzana Duchov\u00e1 s \u013dubicou Drangovou p\u00fdtaj\u00fa: Viete kde \u017eije kreat\u00edvny priemysel? Viete ktor\u00e9 slovensk\u00e9 mesto bolo v roku 2013 eur\u00f3pske mesto kult\u00fary? Nem\u00e1te na h\u00e1ku \u010do pr\u00e1ve rob\u00ed Petr H\u00e1k? Ko\u013eko \u017eiaroviek potrebuje postmoderna? Poz\u00fdvame [&hellip;]<\/p>","protected":false},"author":5,"featured_media":0,"comment_status":"closed","ping_status":"closed","sticky":false,"template":"","format":"standard","meta":{"footnotes":""},"categories":[634,783],"tags":[757,760,759],"_links":{"self":[{"href":"https:\/\/www.bratislavadesignweek.sk\/en\/wp-json\/wp\/v2\/posts\/6327"}],"collection":[{"href":"https:\/\/www.bratislavadesignweek.sk\/en\/wp-json\/wp\/v2\/posts"}],"about":[{"href":"https:\/\/www.bratislavadesignweek.sk\/en\/wp-json\/wp\/v2\/types\/post"}],"author":[{"embeddable":true,"href":"https:\/\/www.bratislavadesignweek.sk\/en\/wp-json\/wp\/v2\/users\/5"}],"replies":[{"embeddable":true,"href":"https:\/\/www.bratislavadesignweek.sk\/en\/wp-json\/wp\/v2\/comments?post=6327"}],"version-history":[{"count":1,"href":"https:\/\/www.bratislavadesignweek.sk\/en\/wp-json\/wp\/v2\/posts\/6327\/revisions"}],"predecessor-version":[{"id":6328,"href":"https:\/\/www.bratislavadesignweek.sk\/en\/wp-json\/wp\/v2\/posts\/6327\/revisions\/6328"}],"wp:attachment":[{"href":"https:\/\/www.bratislavadesignweek.sk\/en\/wp-json\/wp\/v2\/media?parent=6327"}],"wp:term":[{"taxonomy":"category","embeddable":true,"href":"https:\/\/www.bratislavadesignweek.sk\/en\/wp-json\/wp\/v2\/categories?post=6327"},{"taxonomy":"post_tag","embeddable":true,"href":"https:\/\/www.bratislavadesignweek.sk\/en\/wp-json\/wp\/v2\/tags?post=6327"}],"curies":[{"name":"wp","href":"https:\/\/api.w.org\/{rel}","templated":true}]}}