{"id":6338,"date":"2016-06-04T12:43:49","date_gmt":"2016-06-04T11:43:49","guid":{"rendered":"http:\/\/www.bratislavadesignweek.sk\/?p=6338"},"modified":"2024-09-25T12:18:53","modified_gmt":"2024-09-25T10:18:53","slug":"v-inom-poradi","status":"publish","type":"post","link":"https:\/\/www.bratislavadesignweek.sk\/en\/v-inom-poradi\/","title":{"rendered":"V inom porad\u00ed"},"content":{"rendered":"<p>[vc_column_text pb_margin_bottom=&#8220;no&#8220; pb_border_bottom=&#8220;no&#8220; width=&#8220;1\/2&#8243; el_position=&#8220;first&#8220;]<\/p>\n<p class=\"impact-text\">Lucia Ga\u0161parovi\u010dov\u00e1 \/ V inom porad\u00ed<\/p>\n<p>&nbsp;<\/p>\n<p>Al\u017ebetu Halu\u0161kov\u00fa, Andreu \u010eurianov\u00fa, Danu Tome\u010dkov\u00fa, A\u0161ota Haasa, Jonathana Ravasza a Mareka Matiho spojila Lucia Ga\u0161parovi\u010dova vo v\u00fdstavnom projekte, ktor\u00fd vn\u00edma cestu ako smer mo\u017en\u00e9ho v\u00fdvoja. Diela vybran\u00fdch autorov pracuj\u00fa s nap\u00e4t\u00edm, senzu\u00e1lnym vn\u00edman\u00edm a interakciou medzi subjektom a objektom. Na projekte spolupracuje aj Fyzik\u00e1lny \u00fastav SAV.<\/p>\n<p>&nbsp;<\/p>\n<p>Centr\u00e1la 1 \/\u00a0Zoya Gallery, Vent\u00farska 1, 2. posch.<\/p>\n<p>[\/vc_column_text] [vc_column_text pb_margin_bottom=&#8220;no&#8220; pb_border_bottom=&#8220;no&#8220; width=&#8220;1\/2&#8243; el_position=&#8220;last&#8220;]<\/p>\n<p><a href=\"http:\/\/www.bratislavadesignweek.sk\/wp-content\/uploads\/2016\/06\/IMG_3742.jpg\" rel=\"attachment wp-att-6339\"><img fetchpriority=\"high\" decoding=\"async\" class=\"alignnone size-large wp-image-6339\" src=\"http:\/\/www.bratislavadesignweek.sk\/wp-content\/uploads\/2016\/06\/IMG_3742-768x1024.jpg\" alt=\"IMG_3742\" width=\"768\" height=\"1024\" \/><\/a><\/p>\n<p>&nbsp;<\/p>\n<p>[\/vc_column_text]<\/p>","protected":false},"excerpt":{"rendered":"<p>[vc_column_text pb_margin_bottom=&#8220;no&#8220; pb_border_bottom=&#8220;no&#8220; width=&#8220;1\/2&#8243; el_position=&#8220;first&#8220;] Lucia Ga\u0161parovi\u010dov\u00e1 \/ V inom porad\u00ed &nbsp; Al\u017ebetu Halu\u0161kov\u00fa, Andreu \u010eurianov\u00fa, Danu Tome\u010dkov\u00fa, A\u0161ota Haasa, Jonathana Ravasza a Mareka Matiho spojila Lucia Ga\u0161parovi\u010dova vo v\u00fdstavnom projekte, ktor\u00fd vn\u00edma cestu ako smer mo\u017en\u00e9ho v\u00fdvoja. Diela vybran\u00fdch autorov pracuj\u00fa s nap\u00e4t\u00edm, senzu\u00e1lnym vn\u00edman\u00edm a interakciou medzi subjektom a objektom. Na projekte spolupracuje [&hellip;]<\/p>","protected":false},"author":5,"featured_media":0,"comment_status":"closed","ping_status":"closed","sticky":false,"template":"","format":"standard","meta":{"footnotes":""},"categories":[634,783],"tags":[328,762],"_links":{"self":[{"href":"https:\/\/www.bratislavadesignweek.sk\/en\/wp-json\/wp\/v2\/posts\/6338"}],"collection":[{"href":"https:\/\/www.bratislavadesignweek.sk\/en\/wp-json\/wp\/v2\/posts"}],"about":[{"href":"https:\/\/www.bratislavadesignweek.sk\/en\/wp-json\/wp\/v2\/types\/post"}],"author":[{"embeddable":true,"href":"https:\/\/www.bratislavadesignweek.sk\/en\/wp-json\/wp\/v2\/users\/5"}],"replies":[{"embeddable":true,"href":"https:\/\/www.bratislavadesignweek.sk\/en\/wp-json\/wp\/v2\/comments?post=6338"}],"version-history":[{"count":1,"href":"https:\/\/www.bratislavadesignweek.sk\/en\/wp-json\/wp\/v2\/posts\/6338\/revisions"}],"predecessor-version":[{"id":6340,"href":"https:\/\/www.bratislavadesignweek.sk\/en\/wp-json\/wp\/v2\/posts\/6338\/revisions\/6340"}],"wp:attachment":[{"href":"https:\/\/www.bratislavadesignweek.sk\/en\/wp-json\/wp\/v2\/media?parent=6338"}],"wp:term":[{"taxonomy":"category","embeddable":true,"href":"https:\/\/www.bratislavadesignweek.sk\/en\/wp-json\/wp\/v2\/categories?post=6338"},{"taxonomy":"post_tag","embeddable":true,"href":"https:\/\/www.bratislavadesignweek.sk\/en\/wp-json\/wp\/v2\/tags?post=6338"}],"curies":[{"name":"wp","href":"https:\/\/api.w.org\/{rel}","templated":true}]}}