{"id":6396,"date":"2016-06-08T15:56:08","date_gmt":"2016-06-08T14:56:08","guid":{"rendered":"http:\/\/www.bratislavadesignweek.sk\/?p=6396"},"modified":"2024-09-25T12:18:53","modified_gmt":"2024-09-25T10:18:53","slug":"but-evergreen-garden-2","status":"publish","type":"post","link":"https:\/\/www.bratislavadesignweek.sk\/en\/but-evergreen-garden-2\/","title":{"rendered":"But EVERGREEN GARDEN"},"content":{"rendered":"<p>[vc_column_text pb_margin_bottom=&#8220;no&#8220; pb_border_bottom=&#8220;no&#8220; width=&#8220;1\/2&#8243; el_position=&#8220;first&#8220;]<\/p>\n<p class=\"impact-text\">But EVERGREEN GARDEN<\/p>\n<p>&nbsp;<\/p>\n<div class=\"page\" title=\"Page 48\">\n<div class=\"section\">\n<div class=\"layoutArea\">\n<div class=\"column\">\n<p>Aj v drsnom podneb\u00ed strednej Eur\u00f3py je mo\u017en\u00e9 vy\u010dari\u0165 exoticky bujn\u00e9 tropick\u00e9 z\u00e1hrady. \u013dubom\u00edr B\u00fat, majite\u013e spolo\u010dnosti But EVERGREEN GARDEN, ich za\u010dal medzi prv\u00fdmi na Slovensku pred 15 rokmi zaklada\u0165. Mnoho druhov a rodov p\u00f4vodne tropick\u00fdch rastl\u00edn sa roz\u0161\u00edrilo na sever a juh od rovn\u00edka, kde sa prisp\u00f4sobili a dok\u00e1\u017eu odola\u0165 aj silnej\u0161\u00edm mrazom. Tieto oblasti s\u00fa domovom odoln\u00fdch, tropicky p\u00f4sobiacich rastl\u00edn, tzv. \u201ehardy tropicals\u201c, z ktor\u00fdch vytv\u00e1rame na\u0161e tropick\u00e9 z\u00e1hrady. Tropick\u00e1 z\u00e1hrada je pre majite\u013eov ako suven\u00edr z \u010falek\u00fdch ciest. Naprojektova\u0165 a n\u00e1sledne vybudova\u0165 tak\u00fa z\u00e1hradu n\u00e1m prin\u00e1\u0161a rados\u0165.<\/p>\n<\/div>\n<\/div>\n<\/div>\n<\/div>\n<p>&nbsp;<\/p>\n<p>[button colour=&#8220;grey&#8220; type=&#8220;0&#8243; size=&#8220;small&#8220; link=&#8220;http:\/\/www.stalozelenezahrady.sk&#8220; target=&#8220;_self&#8220;]www.stalozelenezahrady.sk[\/button]<\/p>\n<p>[\/vc_column_text] [vc_column_text pb_margin_bottom=&#8220;no&#8220; pb_border_bottom=&#8220;no&#8220; width=&#8220;1\/2&#8243; el_position=&#8220;last&#8220;]<\/p>\n<p><a href=\"http:\/\/www.bratislavadesignweek.sk\/wp-content\/uploads\/2016\/06\/Tropick\u00e1-z\u00e1hrada-august-v-Bratislave-Ra\u010di-1.jpg\"><img fetchpriority=\"high\" decoding=\"async\" class=\"alignnone size-large wp-image-6397\" src=\"http:\/\/www.bratislavadesignweek.sk\/wp-content\/uploads\/2016\/06\/Tropick\u00e1-z\u00e1hrada-august-v-Bratislave-Ra\u010di-1-1024x768.jpg\" alt=\"Tropick\u00e1  z\u00e1hrada -   august v Bratislave Ra\u010di (1)\" width=\"1024\" height=\"768\" \/><\/a><\/p>\n<p>&nbsp;<\/p>\n<p>[\/vc_column_text]<\/p>","protected":false},"excerpt":{"rendered":"<p>[vc_column_text pb_margin_bottom=&#8220;no&#8220; pb_border_bottom=&#8220;no&#8220; width=&#8220;1\/2&#8243; el_position=&#8220;first&#8220;] But EVERGREEN GARDEN &nbsp; Aj v drsnom podneb\u00ed strednej Eur\u00f3py je mo\u017en\u00e9 vy\u010dari\u0165 exoticky bujn\u00e9 tropick\u00e9 z\u00e1hrady. \u013dubom\u00edr B\u00fat, majite\u013e spolo\u010dnosti But EVERGREEN GARDEN, ich za\u010dal medzi prv\u00fdmi na Slovensku pred 15 rokmi zaklada\u0165. Mnoho druhov a rodov p\u00f4vodne tropick\u00fdch rastl\u00edn sa roz\u0161\u00edrilo na sever a juh od rovn\u00edka, kde [&hellip;]<\/p>","protected":false},"author":5,"featured_media":0,"comment_status":"closed","ping_status":"closed","sticky":false,"template":"","format":"standard","meta":{"footnotes":""},"categories":[783,752],"tags":[764],"_links":{"self":[{"href":"https:\/\/www.bratislavadesignweek.sk\/en\/wp-json\/wp\/v2\/posts\/6396"}],"collection":[{"href":"https:\/\/www.bratislavadesignweek.sk\/en\/wp-json\/wp\/v2\/posts"}],"about":[{"href":"https:\/\/www.bratislavadesignweek.sk\/en\/wp-json\/wp\/v2\/types\/post"}],"author":[{"embeddable":true,"href":"https:\/\/www.bratislavadesignweek.sk\/en\/wp-json\/wp\/v2\/users\/5"}],"replies":[{"embeddable":true,"href":"https:\/\/www.bratislavadesignweek.sk\/en\/wp-json\/wp\/v2\/comments?post=6396"}],"version-history":[{"count":1,"href":"https:\/\/www.bratislavadesignweek.sk\/en\/wp-json\/wp\/v2\/posts\/6396\/revisions"}],"predecessor-version":[{"id":6398,"href":"https:\/\/www.bratislavadesignweek.sk\/en\/wp-json\/wp\/v2\/posts\/6396\/revisions\/6398"}],"wp:attachment":[{"href":"https:\/\/www.bratislavadesignweek.sk\/en\/wp-json\/wp\/v2\/media?parent=6396"}],"wp:term":[{"taxonomy":"category","embeddable":true,"href":"https:\/\/www.bratislavadesignweek.sk\/en\/wp-json\/wp\/v2\/categories?post=6396"},{"taxonomy":"post_tag","embeddable":true,"href":"https:\/\/www.bratislavadesignweek.sk\/en\/wp-json\/wp\/v2\/tags?post=6396"}],"curies":[{"name":"wp","href":"https:\/\/api.w.org\/{rel}","templated":true}]}}