{"id":6433,"date":"2016-05-30T09:02:30","date_gmt":"2016-05-30T08:02:30","guid":{"rendered":"http:\/\/www.bratislavadesignweek.sk\/?p=6433"},"modified":"2024-09-25T12:18:18","modified_gmt":"2024-09-25T10:18:18","slug":"workshop-moja-letna-cesta","status":"publish","type":"post","link":"https:\/\/www.bratislavadesignweek.sk\/en\/workshop-moja-letna-cesta\/","title":{"rendered":"WORKSHOP Moja letn\u00e1 cesta"},"content":{"rendered":"<p>[vc_column_text pb_margin_bottom=&#8220;no&#8220; pb_border_bottom=&#8220;no&#8220; width=&#8220;1\/2&#8243; el_position=&#8220;first&#8220;]<\/p>\n<p class=\"impact-text\">WORKSHOP Moja letn\u00e1 cesta<\/p>\n<p>&nbsp;<\/p>\n<p>Tvoriv\u00e9 popoludnie pre deti, po\u010das ktor\u00e9ho si spolo\u010dne na pestrofarebn\u00fd papiere od firmy Antalis nakresl\u00edme pl\u00e1n letnej cesty, vyrob\u00edme z neho ruksak a dopln\u00edme ho skic\u00e1rom na kresby \u010di z\u00e1pisky z pr\u00e1zdninov\u00e9ho putovania. Na z\u00e1ver sa odfot\u00edme Polaroidom z Instant Shopu. Te\u0161\u00edme sa na v\u00e1s!<\/p>\n<p>Lektorky: Veronika Markovi\u010dov\u00e1 a Nat\u00e1lia Velk\u00e1<\/p>\n<p>Miesto: Franti\u0161k\u00e1nska z\u00e1hrada, Ur\u0161ul\u00ednska ulica,<strong> Nede\u013ea o 14.00<\/strong><\/p>\n<div class=\"page\" title=\"Page 7\">\n<div class=\"section\">\n<div class=\"layoutArea\">\n<div class=\"column\">\n<p>\u010eakujeme V\u00edkendu otvoren\u00fdch z\u00e1hrad (N\u00e1rodn\u00fd Trust n.o.)<\/p>\n<\/div>\n<\/div>\n<\/div>\n<\/div>\n<p>&nbsp;<\/p>\n<p>[button colour=&#8220;grey&#8220; type=&#8220;0&#8243; size=&#8220;small&#8220; link=&#8220;http:\/\/vopz.sk<\/p>\n<p>&#8220; target=&#8220;_self&#8220;]www.vopz.sk[\/button]<\/p>\n<p>[\/vc_column_text] [vc_column_text pb_margin_bottom=&#8220;no&#8220; pb_border_bottom=&#8220;no&#8220; width=&#8220;1\/2&#8243; el_position=&#8220;last&#8220;]<\/p>\n<p><a href=\"http:\/\/www.bratislavadesignweek.sk\/wp-content\/uploads\/2016\/06\/polaroidovyfake_web.jpg\"><img fetchpriority=\"high\" decoding=\"async\" class=\"alignnone size-large wp-image-6437\" src=\"http:\/\/www.bratislavadesignweek.sk\/wp-content\/uploads\/2016\/06\/polaroidovyfake_web-1024x1024.jpg\" alt=\"polaroidovyfake_web\" width=\"1024\" height=\"1024\" \/><\/a><\/p>\n<p>&nbsp;<\/p>\n<p>[\/vc_column_text]<\/p>","protected":false},"excerpt":{"rendered":"<p>[vc_column_text pb_margin_bottom=&#8220;no&#8220; pb_border_bottom=&#8220;no&#8220; width=&#8220;1\/2&#8243; el_position=&#8220;first&#8220;] WORKSHOP Moja letn\u00e1 cesta &nbsp; Tvoriv\u00e9 popoludnie pre deti, po\u010das ktor\u00e9ho si spolo\u010dne na pestrofarebn\u00fd papiere od firmy Antalis nakresl\u00edme pl\u00e1n letnej cesty, vyrob\u00edme z neho ruksak a dopln\u00edme ho skic\u00e1rom na kresby \u010di z\u00e1pisky z pr\u00e1zdninov\u00e9ho putovania. Na z\u00e1ver sa odfot\u00edme Polaroidom z Instant Shopu. Te\u0161\u00edme sa na v\u00e1s! [&hellip;]<\/p>","protected":false},"author":5,"featured_media":0,"comment_status":"closed","ping_status":"closed","sticky":false,"template":"","format":"standard","meta":{"footnotes":""},"categories":[634,783],"tags":[775,774,773],"_links":{"self":[{"href":"https:\/\/www.bratislavadesignweek.sk\/en\/wp-json\/wp\/v2\/posts\/6433"}],"collection":[{"href":"https:\/\/www.bratislavadesignweek.sk\/en\/wp-json\/wp\/v2\/posts"}],"about":[{"href":"https:\/\/www.bratislavadesignweek.sk\/en\/wp-json\/wp\/v2\/types\/post"}],"author":[{"embeddable":true,"href":"https:\/\/www.bratislavadesignweek.sk\/en\/wp-json\/wp\/v2\/users\/5"}],"replies":[{"embeddable":true,"href":"https:\/\/www.bratislavadesignweek.sk\/en\/wp-json\/wp\/v2\/comments?post=6433"}],"version-history":[{"count":2,"href":"https:\/\/www.bratislavadesignweek.sk\/en\/wp-json\/wp\/v2\/posts\/6433\/revisions"}],"predecessor-version":[{"id":6438,"href":"https:\/\/www.bratislavadesignweek.sk\/en\/wp-json\/wp\/v2\/posts\/6433\/revisions\/6438"}],"wp:attachment":[{"href":"https:\/\/www.bratislavadesignweek.sk\/en\/wp-json\/wp\/v2\/media?parent=6433"}],"wp:term":[{"taxonomy":"category","embeddable":true,"href":"https:\/\/www.bratislavadesignweek.sk\/en\/wp-json\/wp\/v2\/categories?post=6433"},{"taxonomy":"post_tag","embeddable":true,"href":"https:\/\/www.bratislavadesignweek.sk\/en\/wp-json\/wp\/v2\/tags?post=6433"}],"curies":[{"name":"wp","href":"https:\/\/api.w.org\/{rel}","templated":true}]}}