{"id":6439,"date":"2016-05-30T09:17:22","date_gmt":"2016-05-30T08:17:22","guid":{"rendered":"http:\/\/www.bratislavadesignweek.sk\/?p=6439"},"modified":"2024-09-25T12:18:18","modified_gmt":"2024-09-25T10:18:18","slug":"workshop-my-summer-road","status":"publish","type":"post","link":"https:\/\/www.bratislavadesignweek.sk\/en\/workshop-my-summer-road\/","title":{"rendered":"WORKSHOP My Summer Road"},"content":{"rendered":"<p>[vc_column_text pb_margin_bottom=&#8220;no&#8220; pb_border_bottom=&#8220;no&#8220; width=&#8220;1\/2&#8243; el_position=&#8220;first&#8220;]<\/p>\n<p class=\"impact-text\">WORKSHOP Moja letn\u00e1 cesta<\/p>\n<p>&nbsp;<\/p>\n<p>A creative afternoon for children during which together we will draw our plans for the summer trip on the Antalis paper, then create a backpack of it, and then complete it with a notepad for drawings and notes from our journeys. When we finish, we&#8217;ll make pictures of us with a Polaroid from the Instant Shop. Join us!<\/p>\n<p>Lecturers: Veronika Markovi\u010dov\u00e1 a Nat\u00e1lia Velk\u00e1<\/p>\n<p>Venue: Franti\u0161k\u00e1nska Garden, Ur\u0161ul\u00ednska street,<strong>\u00a0Sunday o 2.00 pm<\/strong><\/p>\n<div class=\"page\" title=\"Page 7\">\n<div class=\"section\">\n<div class=\"layoutArea\">\n<div class=\"column\">\n<p>\u010eakujeme V\u00edkendu otvoren\u00fdch z\u00e1hrad (N\u00e1rodn\u00fd Trust n.o.)<\/p>\n<\/div>\n<\/div>\n<\/div>\n<\/div>\n<p>&nbsp;<\/p>\n<p>[button colour=&#8220;grey&#8220; type=&#8220;0&#8243; size=&#8220;small&#8220; link=&#8220;http:\/\/vopz.sk<\/p>\n<p>&#8220; target=&#8220;_self&#8220;]www.vopz.sk[\/button]<\/p>\n<p>[\/vc_column_text] [vc_column_text pb_margin_bottom=&#8220;no&#8220; pb_border_bottom=&#8220;no&#8220; width=&#8220;1\/2&#8243; el_position=&#8220;last&#8220;]<\/p>\n<p><a href=\"http:\/\/www.bratislavadesignweek.sk\/wp-content\/uploads\/2016\/06\/polaroidovyfake_web.jpg\"><img fetchpriority=\"high\" decoding=\"async\" class=\"alignnone size-large wp-image-6437\" src=\"http:\/\/www.bratislavadesignweek.sk\/wp-content\/uploads\/2016\/06\/polaroidovyfake_web-1024x1024.jpg\" alt=\"polaroidovyfake_web\" width=\"1024\" height=\"1024\" \/><\/a><\/p>\n<p>&nbsp;<\/p>\n<p>[\/vc_column_text]<\/p>","protected":false},"excerpt":{"rendered":"<p>[vc_column_text pb_margin_bottom=&#8220;no&#8220; pb_border_bottom=&#8220;no&#8220; width=&#8220;1\/2&#8243; el_position=&#8220;first&#8220;] WORKSHOP Moja letn\u00e1 cesta &nbsp; A creative afternoon for children during which together we will draw our plans for the summer trip on the Antalis paper, then create a backpack of it, and then complete it with a notepad for drawings and notes from our journeys. When we finish, we&#8217;ll [&hellip;]<\/p>","protected":false},"author":5,"featured_media":0,"comment_status":"closed","ping_status":"closed","sticky":false,"template":"","format":"standard","meta":{"footnotes":""},"categories":[783],"tags":[776],"_links":{"self":[{"href":"https:\/\/www.bratislavadesignweek.sk\/en\/wp-json\/wp\/v2\/posts\/6439"}],"collection":[{"href":"https:\/\/www.bratislavadesignweek.sk\/en\/wp-json\/wp\/v2\/posts"}],"about":[{"href":"https:\/\/www.bratislavadesignweek.sk\/en\/wp-json\/wp\/v2\/types\/post"}],"author":[{"embeddable":true,"href":"https:\/\/www.bratislavadesignweek.sk\/en\/wp-json\/wp\/v2\/users\/5"}],"replies":[{"embeddable":true,"href":"https:\/\/www.bratislavadesignweek.sk\/en\/wp-json\/wp\/v2\/comments?post=6439"}],"version-history":[{"count":1,"href":"https:\/\/www.bratislavadesignweek.sk\/en\/wp-json\/wp\/v2\/posts\/6439\/revisions"}],"predecessor-version":[{"id":6440,"href":"https:\/\/www.bratislavadesignweek.sk\/en\/wp-json\/wp\/v2\/posts\/6439\/revisions\/6440"}],"wp:attachment":[{"href":"https:\/\/www.bratislavadesignweek.sk\/en\/wp-json\/wp\/v2\/media?parent=6439"}],"wp:term":[{"taxonomy":"category","embeddable":true,"href":"https:\/\/www.bratislavadesignweek.sk\/en\/wp-json\/wp\/v2\/categories?post=6439"},{"taxonomy":"post_tag","embeddable":true,"href":"https:\/\/www.bratislavadesignweek.sk\/en\/wp-json\/wp\/v2\/tags?post=6439"}],"curies":[{"name":"wp","href":"https:\/\/api.w.org\/{rel}","templated":true}]}}